{"id":7913,"date":"2012-03-11T16:51:21","date_gmt":"2012-03-11T15:51:21","guid":{"rendered":"http:\/\/blogdemarion.fr\/?p=7913"},"modified":"2020-07-16T19:59:28","modified_gmt":"2020-07-16T18:59:28","slug":"journee-du-saxophone","status":"publish","type":"post","link":"https:\/\/blogdemarion.fr\/?p=7913","title":{"rendered":"Journ\u00e9e du Saxophone"},"content":{"rendered":"<p>L&rsquo;harmonie de Grenoble, pour ses 150 ans, organisait ce samedi, la journ\u00e9e du Saxophone. Elle s&rsquo;est conclu par un concert ralliant 50 saxophonistes : d&rsquo;abord les \u00e9l\u00e8ves de l&rsquo;\u00e9cole de musique; bien \u00e9videmment, l&rsquo;ensemble de sax; et, en invit\u00e9s, l&rsquo;ensemble About&rsquo;souffle, le tout ponctu\u00e9 par la d\u00e9couverte des diff\u00e9rents saxophones.<\/p>\n<p>J&rsquo;avais encore pr\u00eat\u00e9 mon Zoom H2 et vous propose d&rsquo;\u00e9couter les morceaux jou\u00e9s :<\/p>\n<p><i>(Pour les enregistrer sur votre ordinateur : clique droit de la souris \u2192 \u00ab\u00a0Enregistrer la cible sous&#8230;\u00a0\u00bb)<\/i><\/p>\n<p>El\u00e8ves de l&rsquo;\u00e9cole de musique de l&rsquo;harmonie :<\/p>\n<ul>\n<li>\n<div style=\"float:right\"><\/div>\n<p><a href=\"https:\/\/blogdemarion.fr\/musique\/Sketch.mp3\">Sketch (Nicolas Prost)<\/a><\/li>\n<li>\n<div style=\"float:right\"><\/div>\n<p><a href=\"https:\/\/blogdemarion.fr\/musique\/SatinDoll.mp3\">Satin Doll (Duke Ellington)<\/a><\/li>\n<\/ul>\n<p>L&rsquo;ensemble de Saxophones de l&rsquo;harmonie:<\/p>\n<ul>\n<li>\n<div style=\"float:right\"><\/div>\n<p><a href=\"https:\/\/blogdemarion.fr\/musique\/Toccata.mp3\">Toccata et Fugue en r\u00e9 mineur (Jean-S\u00e9bastien Bach &#8211; Transcription de Guy Lacour)<\/a><\/li>\n<li>\n<div style=\"float:right\"><\/div>\n<p><a href=\"https:\/\/blogdemarion.fr\/musique\/WestSide3-2012.mp3\">West Side Story (L\u00e9onard Bernstein)<\/a><\/li>\n<li>\n<div style=\"float:right\"><\/div>\n<p><a href=\"https:\/\/blogdemarion.fr\/musique\/Bethena3-2012.mp3\">Bethena &#8211; Valse de Concert (Scott Jopplin &#8211; Transcription de C. Voirpy)<\/a><\/li>\n<\/ul>\n<p>L&rsquo;ensemble About&rsquo;Souffle :<\/p>\n<ul>\n<li>\n<div style=\"float:right\"><\/div>\n<p><a href=\"https:\/\/blogdemarion.fr\/musique\/BasinStreet.mp3\">Basin street blues (Spencer Williams)<\/a><\/li>\n<li>\n<div style=\"float:right\"><\/div>\n<p><a href=\"https:\/\/blogdemarion.fr\/musique\/StJames.mp3\">St James Infirmary<\/a><\/li>\n<li>\n<div style=\"float:right\"><\/div>\n<p><a href=\"https:\/\/blogdemarion.fr\/musique\/TakeFive.mp3\">Take Five (Paul Desmond)<\/a><\/li>\n<li>\n<div style=\"float:right\"><\/div>\n<p><a href=\"https:\/\/blogdemarion.fr\/musique\/Muskrat.mp3\">Muskrat Rumble (Kid Ory)<\/a><\/li>\n<\/ul>\n<p>La d\u00e9couverte des Saxophones (Nicolas Chapeland):<\/p>\n<ul>\n<li>\n<div style=\"float:right\"><\/div>\n<p><a href=\"https:\/\/blogdemarion.fr\/musique\/Basse-Spranino.mp3\">La basse et le sopranino<\/a><\/li>\n<li>\n<div style=\"float:right\"><\/div>\n<p><a href=\"https:\/\/blogdemarion.fr\/musique\/Alto.mp3\">L&rsquo;alto<\/a><\/li>\n<li>\n<div style=\"float:right\"><\/div>\n<p><a href=\"https:\/\/blogdemarion.fr\/musique\/Tenor.mp3\">Le t\u00e9nor<\/a><\/li>\n<li>\n<div style=\"float:right\"><\/div>\n<p><a href=\"https:\/\/blogdemarion.fr\/musique\/Soprano.mp3\">Le soprano<\/a><\/li>\n<li>\n<div style=\"float:right\"><\/div>\n<p><a href=\"https:\/\/blogdemarion.fr\/musique\/Barython.mp3\">Le baryton<\/a><\/li>\n<\/ul>\n<p>Ensemble de Sax&rsquo; &amp; About&rsquo;Souffle :<\/p>\n<ul>\n<li>\n<div style=\"float:right\"><\/div>\n<p><a href=\"\/\/blogdemarion.fr\/musique\/Bolero.mp3\">Bolero (Maurice Ravel &#8211; Transcription par le Mib Saxophone Ensemble -Japon)<\/a><\/li>\n<\/ul>\n<p>Tous ensemble :<\/p>\n<ul>\n<li>\n<div style=\"float:right\"><\/div>\n<p><a href=\"\/\/blogdemarion.fr\/musique\/AlmaRedemptoris.mp3\">Alma Redemptoris (Palestrina &#8211; Transcription de Robert Letellier)<\/a><\/li>\n<\/ul>\n","protected":false},"excerpt":{"rendered":"<p>L&rsquo;harmonie de Grenoble, pour ses 150 ans, organisait ce samedi, la journ\u00e9e du Saxophone. Elle s&rsquo;est conclu par un concert ralliant 50 saxophonistes : d&rsquo;abord les \u00e9l\u00e8ves de l&rsquo;\u00e9cole de musique; bien \u00e9videmment, l&rsquo;ensemble de sax; et, en invit\u00e9s, l&rsquo;ensemble About&rsquo;souffle, le tout ponctu\u00e9 par la d\u00e9couverte des diff\u00e9rents saxophones. J&rsquo;avais encore pr\u00eat\u00e9 mon Zoom &hellip; <a href=\"https:\/\/blogdemarion.fr\/?p=7913\">Continue reading <span class=\"meta-nav\">&rarr;<\/span><\/a><\/p>\n","protected":false},"author":3,"featured_media":0,"comment_status":"open","ping_status":"closed","sticky":false,"template":"","format":"standard","meta":{"footnotes":""},"categories":[6,22],"tags":[],"class_list":["post-7913","post","type-post","status-publish","format-standard","hentry","category-musique","category-pierolalune"],"_links":{"self":[{"href":"https:\/\/blogdemarion.fr\/index.php?rest_route=\/wp\/v2\/posts\/7913","targetHints":{"allow":["GET"]}}],"collection":[{"href":"https:\/\/blogdemarion.fr\/index.php?rest_route=\/wp\/v2\/posts"}],"about":[{"href":"https:\/\/blogdemarion.fr\/index.php?rest_route=\/wp\/v2\/types\/post"}],"author":[{"embeddable":true,"href":"https:\/\/blogdemarion.fr\/index.php?rest_route=\/wp\/v2\/users\/3"}],"replies":[{"embeddable":true,"href":"https:\/\/blogdemarion.fr\/index.php?rest_route=%2Fwp%2Fv2%2Fcomments&post=7913"}],"version-history":[{"count":3,"href":"https:\/\/blogdemarion.fr\/index.php?rest_route=\/wp\/v2\/posts\/7913\/revisions"}],"predecessor-version":[{"id":8024,"href":"https:\/\/blogdemarion.fr\/index.php?rest_route=\/wp\/v2\/posts\/7913\/revisions\/8024"}],"wp:attachment":[{"href":"https:\/\/blogdemarion.fr\/index.php?rest_route=%2Fwp%2Fv2%2Fmedia&parent=7913"}],"wp:term":[{"taxonomy":"category","embeddable":true,"href":"https:\/\/blogdemarion.fr\/index.php?rest_route=%2Fwp%2Fv2%2Fcategories&post=7913"},{"taxonomy":"post_tag","embeddable":true,"href":"https:\/\/blogdemarion.fr\/index.php?rest_route=%2Fwp%2Fv2%2Ftags&post=7913"}],"curies":[{"name":"wp","href":"https:\/\/api.w.org\/{rel}","templated":true}]}}