

{"id":7607,"date":"2020-06-03T08:47:46","date_gmt":"2020-06-03T07:47:46","guid":{"rendered":"http:\/\/blogdemarion.fr\/?p=7607"},"modified":"2020-09-20T17:32:31","modified_gmt":"2020-09-20T16:32:31","slug":"vercors-charande","status":"publish","type":"post","link":"https:\/\/blogdemarion.fr\/?p=7607","title":{"rendered":"Vercors : Charande"},"content":{"rendered":"\n<p><strong>Vercors : Charande<\/strong><\/p>\n\n\n\n<p>La m\u00e9t\u00e9o ne nous y prendra pas deux fois. Aujourd&rsquo;hui, malgr\u00e9 le risque d&rsquo;orage annonc\u00e9, nous d\u00e9cidons de repartir randonner.<\/p>\n\n\n\n<p>Nous choisissons donc une randonn\u00e9e modulable, dans le massif le plus proche : Le Vercors. Rendez-vous aux Aigaux.<\/p>\n\n\n\n<figure class=\"wp-block-image\"><img loading=\"lazy\" decoding=\"async\" width=\"921\" height=\"691\" src=\"https:\/\/blogdemarion.fr\/wp-content\/uploads\/2020\/06\/VAigaux.jpg\" alt=\"\" class=\"wp-image-7610\" srcset=\"https:\/\/blogdemarion.fr\/wp-content\/uploads\/2020\/06\/VAigaux.jpg 921w, https:\/\/blogdemarion.fr\/wp-content\/uploads\/2020\/06\/VAigaux-300x225.jpg 300w, https:\/\/blogdemarion.fr\/wp-content\/uploads\/2020\/06\/VAigaux-768x576.jpg 768w\" sizes=\"auto, (max-width: 921px) 100vw, 921px\" \/><\/figure>\n\n\n\n<p>De la sortie du hameau, nous nous \u00e9levons en suivant la route. La vue se d\u00e9gage sur Villard de Lans.<\/p>\n\n\n\n<figure class=\"wp-block-image\"><img loading=\"lazy\" decoding=\"async\" width=\"921\" height=\"691\" src=\"https:\/\/blogdemarion.fr\/wp-content\/uploads\/2020\/06\/VVillardVallee.jpg\" alt=\"\" class=\"wp-image-7611\" srcset=\"https:\/\/blogdemarion.fr\/wp-content\/uploads\/2020\/06\/VVillardVallee.jpg 921w, https:\/\/blogdemarion.fr\/wp-content\/uploads\/2020\/06\/VVillardVallee-300x225.jpg 300w, https:\/\/blogdemarion.fr\/wp-content\/uploads\/2020\/06\/VVillardVallee-768x576.jpg 768w\" sizes=\"auto, (max-width: 921px) 100vw, 921px\" \/><\/figure>\n\n\n\n<p>Un bon sentier en for\u00eat prend le relais. Apr\u00e8s une bonne grimpette nous voil\u00e0 \u00e0 l&rsquo;entr\u00e9e du plateau de la Moli\u00e8re.<\/p>\n\n\n\n<figure class=\"wp-block-image\"><img loading=\"lazy\" decoding=\"async\" width=\"921\" height=\"691\" src=\"https:\/\/blogdemarion.fr\/wp-content\/uploads\/2020\/06\/VSortieForet.jpg\" alt=\"\" class=\"wp-image-7613\" srcset=\"https:\/\/blogdemarion.fr\/wp-content\/uploads\/2020\/06\/VSortieForet.jpg 921w, https:\/\/blogdemarion.fr\/wp-content\/uploads\/2020\/06\/VSortieForet-300x225.jpg 300w, https:\/\/blogdemarion.fr\/wp-content\/uploads\/2020\/06\/VSortieForet-768x576.jpg 768w\" sizes=\"auto, (max-width: 921px) 100vw, 921px\" \/><\/figure>\n\n\n\n<p>Nous poursuivons notre ascension en abandonnant vite le plateau pour monter au pas de Bellecombe.  L\u00e0, nous constatons que les marmottes ont aussi investi les lieux, mais elles craignent les paparazzi.<\/p>\n\n\n\n<figure class=\"wp-block-image\"><img loading=\"lazy\" decoding=\"async\" width=\"921\" height=\"691\" src=\"https:\/\/blogdemarion.fr\/wp-content\/uploads\/2020\/06\/VMarmotte.jpg\" alt=\"\" class=\"wp-image-7617\" srcset=\"https:\/\/blogdemarion.fr\/wp-content\/uploads\/2020\/06\/VMarmotte.jpg 921w, https:\/\/blogdemarion.fr\/wp-content\/uploads\/2020\/06\/VMarmotte-300x225.jpg 300w, https:\/\/blogdemarion.fr\/wp-content\/uploads\/2020\/06\/VMarmotte-768x576.jpg 768w\" sizes=\"auto, (max-width: 921px) 100vw, 921px\" \/><\/figure>\n\n\n\n<p>Aujourd&rsquo;hui, ce sont essentiellement les fleurs de nos prairies qui vont nous accompagner.<\/p>\n\n\n\n<figure class=\"wp-block-image\"><img loading=\"lazy\" decoding=\"async\" width=\"921\" height=\"691\" src=\"https:\/\/blogdemarion.fr\/wp-content\/uploads\/2020\/06\/VMarguerite.jpg\" alt=\"\" class=\"wp-image-7614\" srcset=\"https:\/\/blogdemarion.fr\/wp-content\/uploads\/2020\/06\/VMarguerite.jpg 921w, https:\/\/blogdemarion.fr\/wp-content\/uploads\/2020\/06\/VMarguerite-300x225.jpg 300w, https:\/\/blogdemarion.fr\/wp-content\/uploads\/2020\/06\/VMarguerite-768x576.jpg 768w\" sizes=\"auto, (max-width: 921px) 100vw, 921px\" \/><\/figure>\n\n\n\n<p>Nous atteignons bient\u00f4t le pas de Bellecombe et sa vue d\u00e9gag\u00e9e, m\u00eame si les nuages sont de la partie, <\/p>\n\n\n\n<figure class=\"wp-block-image\"><img loading=\"lazy\" decoding=\"async\" width=\"921\" height=\"691\" src=\"https:\/\/blogdemarion.fr\/wp-content\/uploads\/2020\/06\/VPasBellecombe.jpg\" alt=\"\" class=\"wp-image-7618\" srcset=\"https:\/\/blogdemarion.fr\/wp-content\/uploads\/2020\/06\/VPasBellecombe.jpg 921w, https:\/\/blogdemarion.fr\/wp-content\/uploads\/2020\/06\/VPasBellecombe-300x225.jpg 300w, https:\/\/blogdemarion.fr\/wp-content\/uploads\/2020\/06\/VPasBellecombe-768x576.jpg 768w\" sizes=\"auto, (max-width: 921px) 100vw, 921px\" \/><\/figure>\n\n\n\n<p>et la cuvette grenobloise, \u00e0 peine perceptible.<\/p>\n\n\n\n<figure class=\"wp-block-image\"><img loading=\"lazy\" decoding=\"async\" width=\"921\" height=\"691\" src=\"https:\/\/blogdemarion.fr\/wp-content\/uploads\/2020\/06\/VPasBellecombe2.jpg\" alt=\"\" class=\"wp-image-7619\" srcset=\"https:\/\/blogdemarion.fr\/wp-content\/uploads\/2020\/06\/VPasBellecombe2.jpg 921w, https:\/\/blogdemarion.fr\/wp-content\/uploads\/2020\/06\/VPasBellecombe2-300x225.jpg 300w, https:\/\/blogdemarion.fr\/wp-content\/uploads\/2020\/06\/VPasBellecombe2-768x576.jpg 768w\" sizes=\"auto, (max-width: 921px) 100vw, 921px\" \/><\/figure>\n\n\n\n<p>De l&rsquo;autre c\u00f4t\u00e9, c&rsquo;est le village d&rsquo;Autrans qui se montre.<\/p>\n\n\n\n<figure class=\"wp-block-image\"><img loading=\"lazy\" decoding=\"async\" width=\"921\" height=\"691\" src=\"https:\/\/blogdemarion.fr\/wp-content\/uploads\/2020\/06\/VAutrans.jpg\" alt=\"\" class=\"wp-image-7620\" srcset=\"https:\/\/blogdemarion.fr\/wp-content\/uploads\/2020\/06\/VAutrans.jpg 921w, https:\/\/blogdemarion.fr\/wp-content\/uploads\/2020\/06\/VAutrans-300x225.jpg 300w, https:\/\/blogdemarion.fr\/wp-content\/uploads\/2020\/06\/VAutrans-768x576.jpg 768w\" sizes=\"auto, (max-width: 921px) 100vw, 921px\" \/><\/figure>\n\n\n\n<p>Nous poursuivons sur la droite le chemin de cr\u00eate, conquis par ses points de vue.<\/p>\n\n\n\n<figure class=\"wp-block-image\"><img loading=\"lazy\" decoding=\"async\" width=\"691\" height=\"921\" src=\"https:\/\/blogdemarion.fr\/wp-content\/uploads\/2020\/06\/VVueCrete.jpg\" alt=\"\" class=\"wp-image-7621\" srcset=\"https:\/\/blogdemarion.fr\/wp-content\/uploads\/2020\/06\/VVueCrete.jpg 691w, https:\/\/blogdemarion.fr\/wp-content\/uploads\/2020\/06\/VVueCrete-225x300.jpg 225w\" sizes=\"auto, (max-width: 691px) 100vw, 691px\" \/><\/figure>\n\n\n\n<p>Nous sommes bient\u00f4t \u00e0 l&rsquo;aplomb du g\u00eete de la Moli\u00e8re.<\/p>\n\n\n\n<figure class=\"wp-block-image\"><img loading=\"lazy\" decoding=\"async\" width=\"921\" height=\"691\" src=\"https:\/\/blogdemarion.fr\/wp-content\/uploads\/2020\/06\/VVuePlateua2.jpg\" alt=\"\" class=\"wp-image-7623\" srcset=\"https:\/\/blogdemarion.fr\/wp-content\/uploads\/2020\/06\/VVuePlateua2.jpg 921w, https:\/\/blogdemarion.fr\/wp-content\/uploads\/2020\/06\/VVuePlateua2-300x225.jpg 300w, https:\/\/blogdemarion.fr\/wp-content\/uploads\/2020\/06\/VVuePlateua2-768x576.jpg 768w\" sizes=\"auto, (max-width: 921px) 100vw, 921px\" \/><\/figure>\n\n\n\n<p>Puis nous en \u00e9loignons, <\/p>\n\n\n\n<figure class=\"wp-block-image\"><img loading=\"lazy\" decoding=\"async\" width=\"921\" height=\"691\" src=\"https:\/\/blogdemarion.fr\/wp-content\/uploads\/2020\/06\/VVueMoliere-1.jpg\" alt=\"\" class=\"wp-image-7622\" srcset=\"https:\/\/blogdemarion.fr\/wp-content\/uploads\/2020\/06\/VVueMoliere-1.jpg 921w, https:\/\/blogdemarion.fr\/wp-content\/uploads\/2020\/06\/VVueMoliere-1-300x225.jpg 300w, https:\/\/blogdemarion.fr\/wp-content\/uploads\/2020\/06\/VVueMoliere-1-768x576.jpg 768w\" sizes=\"auto, (max-width: 921px) 100vw, 921px\" \/><\/figure>\n\n\n\n<p>pour atteindre le point culminant de la cr\u00eate : Charande<\/p>\n\n\n\n<figure class=\"wp-block-image\"><img loading=\"lazy\" decoding=\"async\" width=\"1024\" height=\"225\" src=\"https:\/\/blogdemarion.fr\/wp-content\/uploads\/2020\/06\/VPanoCharande-1024x225.jpg\" alt=\"\" class=\"wp-image-7624\" srcset=\"https:\/\/blogdemarion.fr\/wp-content\/uploads\/2020\/06\/VPanoCharande-1024x225.jpg 1024w, https:\/\/blogdemarion.fr\/wp-content\/uploads\/2020\/06\/VPanoCharande-300x66.jpg 300w, https:\/\/blogdemarion.fr\/wp-content\/uploads\/2020\/06\/VPanoCharande-768x169.jpg 768w, https:\/\/blogdemarion.fr\/wp-content\/uploads\/2020\/06\/VPanoCharande.jpg 1063w\" sizes=\"auto, (max-width: 1024px) 100vw, 1024px\" \/><\/figure>\n\n\n\n<p>La paysage est toujours s\u00e9duisant.<\/p>\n\n\n\n<figure class=\"wp-block-image\"><img loading=\"lazy\" decoding=\"async\" width=\"921\" height=\"691\" src=\"https:\/\/blogdemarion.fr\/wp-content\/uploads\/2020\/06\/VVuePlateau.jpg\" alt=\"\" class=\"wp-image-7625\" srcset=\"https:\/\/blogdemarion.fr\/wp-content\/uploads\/2020\/06\/VVuePlateau.jpg 921w, https:\/\/blogdemarion.fr\/wp-content\/uploads\/2020\/06\/VVuePlateau-300x225.jpg 300w, https:\/\/blogdemarion.fr\/wp-content\/uploads\/2020\/06\/VVuePlateau-768x576.jpg 768w\" sizes=\"auto, (max-width: 921px) 100vw, 921px\" \/><\/figure>\n\n\n\n<figure class=\"wp-block-image\"><img loading=\"lazy\" decoding=\"async\" width=\"921\" height=\"691\" src=\"https:\/\/blogdemarion.fr\/wp-content\/uploads\/2020\/06\/VSassenage.jpg\" alt=\"\" class=\"wp-image-7626\" srcset=\"https:\/\/blogdemarion.fr\/wp-content\/uploads\/2020\/06\/VSassenage.jpg 921w, https:\/\/blogdemarion.fr\/wp-content\/uploads\/2020\/06\/VSassenage-300x225.jpg 300w, https:\/\/blogdemarion.fr\/wp-content\/uploads\/2020\/06\/VSassenage-768x576.jpg 768w\" sizes=\"auto, (max-width: 921px) 100vw, 921px\" \/><\/figure>\n\n\n\n<p>Nous prenons alors le chemin de la descente, au pas de Tracollet<\/p>\n\n\n\n<figure class=\"wp-block-image\"><img loading=\"lazy\" decoding=\"async\" width=\"921\" height=\"691\" src=\"https:\/\/blogdemarion.fr\/wp-content\/uploads\/2020\/06\/VPasTracollet.jpg\" alt=\"\" class=\"wp-image-7627\" srcset=\"https:\/\/blogdemarion.fr\/wp-content\/uploads\/2020\/06\/VPasTracollet.jpg 921w, https:\/\/blogdemarion.fr\/wp-content\/uploads\/2020\/06\/VPasTracollet-300x225.jpg 300w, https:\/\/blogdemarion.fr\/wp-content\/uploads\/2020\/06\/VPasTracollet-768x576.jpg 768w\" sizes=\"auto, (max-width: 921px) 100vw, 921px\" \/><\/figure>\n\n\n\n<p>pour nous retrouver sur le plateau.<\/p>\n\n\n\n<figure class=\"wp-block-image\"><img loading=\"lazy\" decoding=\"async\" width=\"921\" height=\"691\" src=\"https:\/\/blogdemarion.fr\/wp-content\/uploads\/2020\/06\/VPasTracollet2.jpg\" alt=\"\" class=\"wp-image-7628\" srcset=\"https:\/\/blogdemarion.fr\/wp-content\/uploads\/2020\/06\/VPasTracollet2.jpg 921w, https:\/\/blogdemarion.fr\/wp-content\/uploads\/2020\/06\/VPasTracollet2-300x225.jpg 300w, https:\/\/blogdemarion.fr\/wp-content\/uploads\/2020\/06\/VPasTracollet2-768x576.jpg 768w\" sizes=\"auto, (max-width: 921px) 100vw, 921px\" \/><\/figure>\n\n\n\n<p>Nous l&rsquo;arpentons sur toute sa longueur, au pied de la barre rocheuse,<\/p>\n\n\n\n<figure class=\"wp-block-image\"><img loading=\"lazy\" decoding=\"async\" width=\"921\" height=\"691\" src=\"https:\/\/blogdemarion.fr\/wp-content\/uploads\/2020\/06\/VBarre.jpg\" alt=\"\" class=\"wp-image-7629\" srcset=\"https:\/\/blogdemarion.fr\/wp-content\/uploads\/2020\/06\/VBarre.jpg 921w, https:\/\/blogdemarion.fr\/wp-content\/uploads\/2020\/06\/VBarre-300x225.jpg 300w, https:\/\/blogdemarion.fr\/wp-content\/uploads\/2020\/06\/VBarre-768x576.jpg 768w\" sizes=\"auto, (max-width: 921px) 100vw, 921px\" \/><\/figure>\n\n\n\n<p>avant de le laisser pour retrouver la for\u00eat,<\/p>\n\n\n\n<figure class=\"wp-block-image\"><img loading=\"lazy\" decoding=\"async\" width=\"921\" height=\"691\" src=\"https:\/\/blogdemarion.fr\/wp-content\/uploads\/2020\/06\/VMoliereFin.jpg\" alt=\"\" class=\"wp-image-7630\" srcset=\"https:\/\/blogdemarion.fr\/wp-content\/uploads\/2020\/06\/VMoliereFin.jpg 921w, https:\/\/blogdemarion.fr\/wp-content\/uploads\/2020\/06\/VMoliereFin-300x225.jpg 300w, https:\/\/blogdemarion.fr\/wp-content\/uploads\/2020\/06\/VMoliereFin-768x576.jpg 768w\" sizes=\"auto, (max-width: 921px) 100vw, 921px\" \/><\/figure>\n\n\n\n<p>et bient\u00f4t, sous quelques gouttes. le hameau des Aigaux (et son nouveau parking), <\/p>\n\n\n\n<figure class=\"wp-block-image\"><img loading=\"lazy\" decoding=\"async\" width=\"921\" height=\"691\" src=\"https:\/\/blogdemarion.fr\/wp-content\/uploads\/2020\/06\/VAigauxFfin.jpg\" alt=\"\" class=\"wp-image-7631\" srcset=\"https:\/\/blogdemarion.fr\/wp-content\/uploads\/2020\/06\/VAigauxFfin.jpg 921w, https:\/\/blogdemarion.fr\/wp-content\/uploads\/2020\/06\/VAigauxFfin-300x225.jpg 300w, https:\/\/blogdemarion.fr\/wp-content\/uploads\/2020\/06\/VAigauxFfin-768x576.jpg 768w\" sizes=\"auto, (max-width: 921px) 100vw, 921px\" \/><\/figure>\n\n\n\n<p>Une randonn\u00e9e toute simple mais un tr\u00e8s beau tableau de la cuvette Grenobloise (\u00e0 refaire en fin de journ\u00e9e par temps clair).<\/p>\n\n\n\n\n\n\t\t\t\t<div id=\"map_ol3js_1\" class=\"map undefined\" data-map_name=\"undefined\" data-map=\"map_ol3js_1\" style=\"width:100%; max-width:100%; height:450px; display:block; overflow:hidden;border:2px solid grey;\" >\n\t\t\t\t  <div id=\"map_ol3js_1_popup\" class=\"ol-popup\" >\n\t\t\t\t\t<a href=\"#\" id=\"map_ol3js_1_popup-closer\" class=\"ol-popup-closer\"><\/a>\n\t\t\t\t\t<div id=\"map_ol3js_1_popup-content\" ><\/div>\n\t\t\t\t  <\/div>\n\t\t\t\t<\/div>\n\t\t\t\n\n\t\t\t\t<script type=\"text\/javascript\">\n\t\t\t\t\ttranslations['openlayer'] = \"open layer\";\n\t\t\t\t\ttranslations['openlayerAtStartup'] = \"open layer at startup\";\n\t\t\t\t\ttranslations['generateLink'] = \"link to this map with opened layers\";\n\t\t\t\t\ttranslations['shortDescription'] = \"short description\";\n\t\t\t\t\ttranslations['generatedShortCode'] = \"to get a text control link paste this code in your wordpress editor\";\n\t\t\t\t\ttranslations['closeLayer'] = \"close layer\";\n\t\t\t\t\ttranslations['cantGenerateLink'] = \"put this string in the existing map short code to control this map\";\n\t\t\t  <\/script>\n\n\n\t\t\t  <script type=\"text\/javascript\">\n\t\t\t  vectorM['map_ol3js_1'] = [];\n\t        \n        var raster = getTileLayer(\"osm\",\"NoKey\");\t\t\t\n\n\t\t\t  var map_ol3js_1 = new ol.Map({\n\t\t\t\tinteractions: ol.interaction.defaults.defaults({mouseWheelZoom:false}),\n\t\t\t\tlayers: [raster],\n\t\t\t\ttarget: \"map_ol3js_1\",\n\t\t\t\tview: new ol.View({\n\t\t\t\t  center: ol.proj.transform([6.378,58.213], \"EPSG:4326\", \"EPSG:3857\"),\n\t\t\t\t  zoom: 9\n\t\t\t\t})\n\t\t\t  });\n\t\t\t  \n    var style0 = {\n      \"Point\": [new ol.style.Style({\n\n          image: new ol.style.Icon({\n            anchor: [0.5, 41],\n            anchorXUnits: \"fraction\",\n            anchorYUnits: \"pixels\",\n            opacity: 0.75,\n            src: \"https:\/\/blogdemarion.fr\/wp-content\/plugins\/osm\/icons\/mic_black_pinother_02.png\"\n          })\n      })],\n\n      \"LineString\": [new ol.style.Style({\n        stroke: new ol.style.Stroke({\n          color: \"black\",\n          width: 8\n        })\n      })],\n      \"MultiLineString\": [new ol.style.Style({\n        stroke: new ol.style.Stroke({\n          color: \"black\",\n          width: 4\n        })\n      })]\n    };\n\t\t  var vectorL0 = new ol.layer.Vector({\n\t\t\t\tsource: new ol.source.Vector({\n\t\t\t\turl:\"..\/..\/..\/..\/tracesGPS\/LesAigauxCharande.gpx\",\n\t\t\t\tformat: new ol.format.GPX({\n\t\t\t\t\textractStyles: false\n\t\t\t\t})\n\t\t\t}),\n\t\t\tzIndex: 92,\n\t\t\tstyle: function(feature, resolution) {return style0[feature.getGeometry().getType()];}\n\t\t  });\n\t\t  map_ol3js_1.addLayer(vectorL0);\n      var extension1 = ol.extent.createEmpty();\n      var curZoom1 = map_ol3js_1.getView().getZoom();\n\n      map_ol3js_1.getLayers().forEach(function(layer){\n         if(!layer.get(\"id\")) {     \n            layer.once(\"change\", function(e){\n               ol.extent.extend(extension1, (layer.getSource().getExtent()));\n               map_ol3js_1.getView().fit(extension1, {padding: [50, 50, 50, 50]});\n            });\n         }\n      });\n\n    \naddControls2Map(map_ol3js_1,0,0,3,1,5,6,7,1,1);\nosm_addPopupClickhandler(map_ol3js_1,  \"map_ol3js_1\"); \nosm_addMouseHover(map_ol3js_1); <\/script>\n\n\n<p><a href=\"https:\/\/blogdemarion.fr\/tracesGPS\/LesAigauxCharande.gpx\">T\u00e9lechargez le fichier GPX<\/a><\/p>","protected":false},"excerpt":{"rendered":"<p>Vercors : Charande La m\u00e9t\u00e9o ne nous y prendra pas deux fois. Aujourd&rsquo;hui, malgr\u00e9 le risque d&rsquo;orage annonc\u00e9, nous d\u00e9cidons de repartir randonner. Nous choisissons donc une randonn\u00e9e modulable, dans le massif le plus proche : Le Vercors. Rendez-vous aux Aigaux. De la sortie du hameau, nous nous \u00e9levons en suivant la route. La vue &hellip; <a href=\"https:\/\/blogdemarion.fr\/?p=7607\">Continue reading <span class=\"meta-nav\">&rarr;<\/span><\/a><\/p>\n","protected":false},"author":3,"featured_media":0,"comment_status":"open","ping_status":"open","sticky":false,"template":"","format":"standard","meta":{"footnotes":""},"categories":[17],"tags":[],"class_list":["post-7607","post","type-post","status-publish","format-standard","hentry","category-randonnees"],"_links":{"self":[{"href":"https:\/\/blogdemarion.fr\/index.php?rest_route=\/wp\/v2\/posts\/7607","targetHints":{"allow":["GET"]}}],"collection":[{"href":"https:\/\/blogdemarion.fr\/index.php?rest_route=\/wp\/v2\/posts"}],"about":[{"href":"https:\/\/blogdemarion.fr\/index.php?rest_route=\/wp\/v2\/types\/post"}],"author":[{"embeddable":true,"href":"https:\/\/blogdemarion.fr\/index.php?rest_route=\/wp\/v2\/users\/3"}],"replies":[{"embeddable":true,"href":"https:\/\/blogdemarion.fr\/index.php?rest_route=%2Fwp%2Fv2%2Fcomments&post=7607"}],"version-history":[{"count":7,"href":"https:\/\/blogdemarion.fr\/index.php?rest_route=\/wp\/v2\/posts\/7607\/revisions"}],"predecessor-version":[{"id":8743,"href":"https:\/\/blogdemarion.fr\/index.php?rest_route=\/wp\/v2\/posts\/7607\/revisions\/8743"}],"wp:attachment":[{"href":"https:\/\/blogdemarion.fr\/index.php?rest_route=%2Fwp%2Fv2%2Fmedia&parent=7607"}],"wp:term":[{"taxonomy":"category","embeddable":true,"href":"https:\/\/blogdemarion.fr\/index.php?rest_route=%2Fwp%2Fv2%2Fcategories&post=7607"},{"taxonomy":"post_tag","embeddable":true,"href":"https:\/\/blogdemarion.fr\/index.php?rest_route=%2Fwp%2Fv2%2Ftags&post=7607"}],"curies":[{"name":"wp","href":"https:\/\/api.w.org\/{rel}","templated":true}]}}