{"id":7093,"date":"2020-02-15T15:39:06","date_gmt":"2020-02-15T14:39:06","guid":{"rendered":"http:\/\/blogdemarion.fr\/?p=7093"},"modified":"2020-02-17T20:22:15","modified_gmt":"2020-02-17T19:22:15","slug":"les-alpilles-crete-de-baumayrane","status":"publish","type":"post","link":"https:\/\/blogdemarion.fr\/?p=7093","title":{"rendered":"Les Alpilles : Cr\u00eate de Baumayrane"},"content":{"rendered":"\n<p><strong>Les Alpilles : Cr\u00eate de Baumayrane <\/strong><\/p>\n\n\n\n<p>Nous d\u00e9butons aujourd&rsquo;hui de la carri\u00e8re des lumi\u00e8res, encore ferm\u00e9e en cette p\u00e9riode hivernale, et partons vers le bas, en direction du val d&rsquo;enfer.<\/p>\n\n\n\n<figure class=\"wp-block-image\"><img loading=\"lazy\" decoding=\"async\" width=\"691\" height=\"921\" src=\"https:\/\/blogdemarion.fr\/wp-content\/uploads\/2020\/02\/A1ValEnfer.jpg\" alt=\"\" class=\"wp-image-7125\" srcset=\"https:\/\/blogdemarion.fr\/wp-content\/uploads\/2020\/02\/A1ValEnfer.jpg 691w, https:\/\/blogdemarion.fr\/wp-content\/uploads\/2020\/02\/A1ValEnfer-225x300.jpg 225w\" sizes=\"auto, (max-width: 691px) 100vw, 691px\" \/><\/figure>\n\n\n\n<p>Le pass\u00e9 d\u00e9di\u00e9 aux carri\u00e8res est encore bien visible.<\/p>\n\n\n\n<figure class=\"wp-block-image\"><img loading=\"lazy\" decoding=\"async\" width=\"691\" height=\"921\" src=\"https:\/\/blogdemarion.fr\/wp-content\/uploads\/2020\/02\/A1Carriere.jpg\" alt=\"\" class=\"wp-image-7126\" srcset=\"https:\/\/blogdemarion.fr\/wp-content\/uploads\/2020\/02\/A1Carriere.jpg 691w, https:\/\/blogdemarion.fr\/wp-content\/uploads\/2020\/02\/A1Carriere-225x300.jpg 225w\" sizes=\"auto, (max-width: 691px) 100vw, 691px\" \/><\/figure>\n\n\n\n<p>Nous plongeons dans le vallon, aux pieds des blocs de calcaire.<\/p>\n\n\n\n<figure class=\"wp-block-image\"><img loading=\"lazy\" decoding=\"async\" width=\"921\" height=\"691\" src=\"https:\/\/blogdemarion.fr\/wp-content\/uploads\/2020\/02\/A1Calcaire.jpg\" alt=\"\" class=\"wp-image-7127\" srcset=\"https:\/\/blogdemarion.fr\/wp-content\/uploads\/2020\/02\/A1Calcaire.jpg 921w, https:\/\/blogdemarion.fr\/wp-content\/uploads\/2020\/02\/A1Calcaire-300x225.jpg 300w, https:\/\/blogdemarion.fr\/wp-content\/uploads\/2020\/02\/A1Calcaire-768x576.jpg 768w\" sizes=\"auto, (max-width: 921px) 100vw, 921px\" \/><\/figure>\n\n\n\n<p>Puis, nous obliquons vers la gauche en direction de la plaine, o\u00f9 les orchid\u00e9es sauvages sont bien fleuries.<\/p>\n\n\n\n<figure class=\"wp-block-image\"><img loading=\"lazy\" decoding=\"async\" width=\"691\" height=\"921\" src=\"https:\/\/blogdemarion.fr\/wp-content\/uploads\/2020\/02\/A1Jacinthe.jpg\" alt=\"\" class=\"wp-image-7128\" srcset=\"https:\/\/blogdemarion.fr\/wp-content\/uploads\/2020\/02\/A1Jacinthe.jpg 691w, https:\/\/blogdemarion.fr\/wp-content\/uploads\/2020\/02\/A1Jacinthe-225x300.jpg 225w\" sizes=\"auto, (max-width: 691px) 100vw, 691px\" \/><\/figure>\n\n\n\n<p>Nous longeons le golf, au milieu des vignobles,<\/p>\n\n\n\n<figure class=\"wp-block-image\"><img loading=\"lazy\" decoding=\"async\" width=\"921\" height=\"691\" src=\"https:\/\/blogdemarion.fr\/wp-content\/uploads\/2020\/02\/A1Vignes.jpg\" alt=\"\" class=\"wp-image-7129\" srcset=\"https:\/\/blogdemarion.fr\/wp-content\/uploads\/2020\/02\/A1Vignes.jpg 921w, https:\/\/blogdemarion.fr\/wp-content\/uploads\/2020\/02\/A1Vignes-300x225.jpg 300w, https:\/\/blogdemarion.fr\/wp-content\/uploads\/2020\/02\/A1Vignes-768x576.jpg 768w\" sizes=\"auto, (max-width: 921px) 100vw, 921px\" \/><\/figure>\n\n\n\n<p>\u00e9pi\u00e9s par le ch\u00e2teau des Baux.<\/p>\n\n\n\n<figure class=\"wp-block-image\"><img loading=\"lazy\" decoding=\"async\" width=\"921\" height=\"691\" src=\"https:\/\/blogdemarion.fr\/wp-content\/uploads\/2020\/02\/A1Chateau.jpg\" alt=\"\" class=\"wp-image-7130\" srcset=\"https:\/\/blogdemarion.fr\/wp-content\/uploads\/2020\/02\/A1Chateau.jpg 921w, https:\/\/blogdemarion.fr\/wp-content\/uploads\/2020\/02\/A1Chateau-300x225.jpg 300w, https:\/\/blogdemarion.fr\/wp-content\/uploads\/2020\/02\/A1Chateau-768x576.jpg 768w\" sizes=\"auto, (max-width: 921px) 100vw, 921px\" \/><\/figure>\n\n\n\n<p>Nous parvenons bient\u00f4t au mas de Berthe, <\/p>\n\n\n\n<figure class=\"wp-block-image\"><img loading=\"lazy\" decoding=\"async\" width=\"921\" height=\"691\" src=\"https:\/\/blogdemarion.fr\/wp-content\/uploads\/2020\/02\/A1MasBerthe.jpg\" alt=\"\" class=\"wp-image-7131\" srcset=\"https:\/\/blogdemarion.fr\/wp-content\/uploads\/2020\/02\/A1MasBerthe.jpg 921w, https:\/\/blogdemarion.fr\/wp-content\/uploads\/2020\/02\/A1MasBerthe-300x225.jpg 300w, https:\/\/blogdemarion.fr\/wp-content\/uploads\/2020\/02\/A1MasBerthe-768x576.jpg 768w\" sizes=\"auto, (max-width: 921px) 100vw, 921px\" \/><\/figure>\n\n\n\n<p>d&rsquo;o\u00f9 la vue sur les Baux est imprenable.<\/p>\n\n\n\n<figure class=\"wp-block-image\"><img loading=\"lazy\" decoding=\"async\" width=\"921\" height=\"691\" src=\"https:\/\/blogdemarion.fr\/wp-content\/uploads\/2020\/02\/A1Chateau2.jpg\" alt=\"\" class=\"wp-image-7132\" srcset=\"https:\/\/blogdemarion.fr\/wp-content\/uploads\/2020\/02\/A1Chateau2.jpg 921w, https:\/\/blogdemarion.fr\/wp-content\/uploads\/2020\/02\/A1Chateau2-300x225.jpg 300w, https:\/\/blogdemarion.fr\/wp-content\/uploads\/2020\/02\/A1Chateau2-768x576.jpg 768w\" sizes=\"auto, (max-width: 921px) 100vw, 921px\" \/><\/figure>\n\n\n\n<p>Les oliviers, aux troncs multiples, t\u00e9moins vivants du gel de 1956, jalonnent notre chemin.<\/p>\n\n\n\n<figure class=\"wp-block-image\"><img loading=\"lazy\" decoding=\"async\" width=\"921\" height=\"691\" src=\"https:\/\/blogdemarion.fr\/wp-content\/uploads\/2020\/02\/A1oliviers.jpg\" alt=\"\" class=\"wp-image-7134\" srcset=\"https:\/\/blogdemarion.fr\/wp-content\/uploads\/2020\/02\/A1oliviers.jpg 921w, https:\/\/blogdemarion.fr\/wp-content\/uploads\/2020\/02\/A1oliviers-300x225.jpg 300w, https:\/\/blogdemarion.fr\/wp-content\/uploads\/2020\/02\/A1oliviers-768x576.jpg 768w\" sizes=\"auto, (max-width: 921px) 100vw, 921px\" \/><\/figure>\n\n\n\n<p>Nous rejoignons ensuite le quartier des lombards,<\/p>\n\n\n\n<figure class=\"wp-block-image\"><img loading=\"lazy\" decoding=\"async\" width=\"921\" height=\"691\" src=\"https:\/\/blogdemarion.fr\/wp-content\/uploads\/2020\/02\/A1Lombard.jpg\" alt=\"\" class=\"wp-image-7135\" srcset=\"https:\/\/blogdemarion.fr\/wp-content\/uploads\/2020\/02\/A1Lombard.jpg 921w, https:\/\/blogdemarion.fr\/wp-content\/uploads\/2020\/02\/A1Lombard-300x225.jpg 300w, https:\/\/blogdemarion.fr\/wp-content\/uploads\/2020\/02\/A1Lombard-768x576.jpg 768w\" sizes=\"auto, (max-width: 921px) 100vw, 921px\" \/><\/figure>\n\n\n\n<p>avant d&rsquo;entamer notre mont\u00e9e sur la cr\u00eate.<\/p>\n\n\n\n<figure class=\"wp-block-image\"><img loading=\"lazy\" decoding=\"async\" width=\"921\" height=\"691\" src=\"https:\/\/blogdemarion.fr\/wp-content\/uploads\/2020\/02\/A1MonteeCrete.jpg\" alt=\"\" class=\"wp-image-7136\" srcset=\"https:\/\/blogdemarion.fr\/wp-content\/uploads\/2020\/02\/A1MonteeCrete.jpg 921w, https:\/\/blogdemarion.fr\/wp-content\/uploads\/2020\/02\/A1MonteeCrete-300x225.jpg 300w, https:\/\/blogdemarion.fr\/wp-content\/uploads\/2020\/02\/A1MonteeCrete-768x576.jpg 768w\" sizes=\"auto, (max-width: 921px) 100vw, 921px\" \/><\/figure>\n\n\n\n<p>Le chemin slalome dans la garrigue, <\/p>\n\n\n\n<figure class=\"wp-block-image\"><img loading=\"lazy\" decoding=\"async\" width=\"921\" height=\"691\" src=\"https:\/\/blogdemarion.fr\/wp-content\/uploads\/2020\/02\/A1garrigue.jpg\" alt=\"\" class=\"wp-image-7137\" srcset=\"https:\/\/blogdemarion.fr\/wp-content\/uploads\/2020\/02\/A1garrigue.jpg 921w, https:\/\/blogdemarion.fr\/wp-content\/uploads\/2020\/02\/A1garrigue-300x225.jpg 300w, https:\/\/blogdemarion.fr\/wp-content\/uploads\/2020\/02\/A1garrigue-768x576.jpg 768w\" sizes=\"auto, (max-width: 921px) 100vw, 921px\" \/><\/figure>\n\n\n\n<p>et s&rsquo;\u00e9l\u00e8ve peu \u00e0 peu, nous permettant d&rsquo;appr\u00e9cier la plaine d&rsquo;Entreconque.<\/p>\n\n\n\n<figure class=\"wp-block-image\"><img loading=\"lazy\" decoding=\"async\" width=\"921\" height=\"691\" src=\"https:\/\/blogdemarion.fr\/wp-content\/uploads\/2020\/02\/A1PlaineEntreconque.jpg\" alt=\"\" class=\"wp-image-7139\" srcset=\"https:\/\/blogdemarion.fr\/wp-content\/uploads\/2020\/02\/A1PlaineEntreconque.jpg 921w, https:\/\/blogdemarion.fr\/wp-content\/uploads\/2020\/02\/A1PlaineEntreconque-300x225.jpg 300w, https:\/\/blogdemarion.fr\/wp-content\/uploads\/2020\/02\/A1PlaineEntreconque-768x576.jpg 768w\" sizes=\"auto, (max-width: 921px) 100vw, 921px\" \/><\/figure>\n\n\n\n<p>Nous parvenons sur la cr\u00eate d&rsquo;o\u00f9 nous apercevons la tour de communication,<\/p>\n\n\n\n<figure class=\"wp-block-image\"><img loading=\"lazy\" decoding=\"async\" width=\"921\" height=\"691\" src=\"https:\/\/blogdemarion.fr\/wp-content\/uploads\/2020\/02\/A1TourCom.jpg\" alt=\"\" class=\"wp-image-7140\" srcset=\"https:\/\/blogdemarion.fr\/wp-content\/uploads\/2020\/02\/A1TourCom.jpg 921w, https:\/\/blogdemarion.fr\/wp-content\/uploads\/2020\/02\/A1TourCom-300x225.jpg 300w, https:\/\/blogdemarion.fr\/wp-content\/uploads\/2020\/02\/A1TourCom-768x576.jpg 768w\" sizes=\"auto, (max-width: 921px) 100vw, 921px\" \/><\/figure>\n\n\n\n<p>et un peu plus \u00e0 gauche au fond, le village de St R\u00e9my de Provence.<\/p>\n\n\n\n<figure class=\"wp-block-image\"><img loading=\"lazy\" decoding=\"async\" width=\"921\" height=\"691\" src=\"https:\/\/blogdemarion.fr\/wp-content\/uploads\/2020\/02\/A1VueStRemy.jpg\" alt=\"\" class=\"wp-image-7141\" srcset=\"https:\/\/blogdemarion.fr\/wp-content\/uploads\/2020\/02\/A1VueStRemy.jpg 921w, https:\/\/blogdemarion.fr\/wp-content\/uploads\/2020\/02\/A1VueStRemy-300x225.jpg 300w, https:\/\/blogdemarion.fr\/wp-content\/uploads\/2020\/02\/A1VueStRemy-768x576.jpg 768w\" sizes=\"auto, (max-width: 921px) 100vw, 921px\" \/><\/figure>\n\n\n\n<figure class=\"wp-block-image\"><img loading=\"lazy\" decoding=\"async\" width=\"921\" height=\"691\" src=\"https:\/\/blogdemarion.fr\/wp-content\/uploads\/2020\/02\/A1StRemy.jpg\" alt=\"\" class=\"wp-image-7142\" srcset=\"https:\/\/blogdemarion.fr\/wp-content\/uploads\/2020\/02\/A1StRemy.jpg 921w, https:\/\/blogdemarion.fr\/wp-content\/uploads\/2020\/02\/A1StRemy-300x225.jpg 300w, https:\/\/blogdemarion.fr\/wp-content\/uploads\/2020\/02\/A1StRemy-768x576.jpg 768w\" sizes=\"auto, (max-width: 921px) 100vw, 921px\" \/><\/figure>\n\n\n\n<p>Nous cheminons quelque temps sur la cr\u00eate jusqu&rsquo;au promontoire,<\/p>\n\n\n\n<figure class=\"wp-block-image\"><img loading=\"lazy\" decoding=\"async\" width=\"921\" height=\"691\" src=\"https:\/\/blogdemarion.fr\/wp-content\/uploads\/2020\/02\/A1BauxNord2.jpg\" alt=\"\" class=\"wp-image-7143\" srcset=\"https:\/\/blogdemarion.fr\/wp-content\/uploads\/2020\/02\/A1BauxNord2.jpg 921w, https:\/\/blogdemarion.fr\/wp-content\/uploads\/2020\/02\/A1BauxNord2-300x225.jpg 300w, https:\/\/blogdemarion.fr\/wp-content\/uploads\/2020\/02\/A1BauxNord2-768x576.jpg 768w\" sizes=\"auto, (max-width: 921px) 100vw, 921px\" \/><\/figure>\n\n\n\n<p>qui nous permet d&rsquo;admirer Les Baux c\u00f4t\u00e9 Nord.<\/p>\n\n\n\n<figure class=\"wp-block-image\"><img loading=\"lazy\" decoding=\"async\" width=\"921\" height=\"691\" src=\"https:\/\/blogdemarion.fr\/wp-content\/uploads\/2020\/02\/A1BauxNord.jpg\" alt=\"\" class=\"wp-image-7144\" srcset=\"https:\/\/blogdemarion.fr\/wp-content\/uploads\/2020\/02\/A1BauxNord.jpg 921w, https:\/\/blogdemarion.fr\/wp-content\/uploads\/2020\/02\/A1BauxNord-300x225.jpg 300w, https:\/\/blogdemarion.fr\/wp-content\/uploads\/2020\/02\/A1BauxNord-768x576.jpg 768w\" sizes=\"auto, (max-width: 921px) 100vw, 921px\" \/><\/figure>\n\n\n\n<p>Une derni\u00e8re descente dans le val d&rsquo;Enfer et nous voil\u00e0 de retour au parking des carri\u00e8res de lumi\u00e8res.<\/p>\n\n\n\n<p>Une petite visite des Baux s&rsquo;impose tout de m\u00eame. Depuis le village, nous pouvons red\u00e9couvrir un peu notre randonn\u00e9e: le promontoire,<\/p>\n\n\n\n<figure class=\"wp-block-image\"><img loading=\"lazy\" decoding=\"async\" width=\"921\" height=\"691\" src=\"https:\/\/blogdemarion.fr\/wp-content\/uploads\/2020\/02\/A1Promontoir.jpg\" alt=\"\" class=\"wp-image-7146\" srcset=\"https:\/\/blogdemarion.fr\/wp-content\/uploads\/2020\/02\/A1Promontoir.jpg 921w, https:\/\/blogdemarion.fr\/wp-content\/uploads\/2020\/02\/A1Promontoir-300x225.jpg 300w, https:\/\/blogdemarion.fr\/wp-content\/uploads\/2020\/02\/A1Promontoir-768x576.jpg 768w\" sizes=\"auto, (max-width: 921px) 100vw, 921px\" \/><\/figure>\n\n\n\n<p>et la fameuse plaine de droite \u00e0 gauche.<\/p>\n\n\n\n<figure class=\"wp-block-image\"><img loading=\"lazy\" decoding=\"async\" width=\"921\" height=\"691\" src=\"https:\/\/blogdemarion.fr\/wp-content\/uploads\/2020\/02\/A1PlaineA.jpg\" alt=\"\" class=\"wp-image-7147\" srcset=\"https:\/\/blogdemarion.fr\/wp-content\/uploads\/2020\/02\/A1PlaineA.jpg 921w, https:\/\/blogdemarion.fr\/wp-content\/uploads\/2020\/02\/A1PlaineA-300x225.jpg 300w, https:\/\/blogdemarion.fr\/wp-content\/uploads\/2020\/02\/A1PlaineA-768x576.jpg 768w\" sizes=\"auto, (max-width: 921px) 100vw, 921px\" \/><\/figure>\n\n\n\n<figure class=\"wp-block-image\"><img loading=\"lazy\" decoding=\"async\" width=\"921\" height=\"691\" src=\"https:\/\/blogdemarion.fr\/wp-content\/uploads\/2020\/02\/A1PlaineB.jpg\" alt=\"\" class=\"wp-image-7148\" srcset=\"https:\/\/blogdemarion.fr\/wp-content\/uploads\/2020\/02\/A1PlaineB.jpg 921w, https:\/\/blogdemarion.fr\/wp-content\/uploads\/2020\/02\/A1PlaineB-300x225.jpg 300w, https:\/\/blogdemarion.fr\/wp-content\/uploads\/2020\/02\/A1PlaineB-768x576.jpg 768w\" sizes=\"auto, (max-width: 921px) 100vw, 921px\" \/><\/figure>\n\n\n\n<figure class=\"wp-block-image\"><img loading=\"lazy\" decoding=\"async\" width=\"921\" height=\"691\" src=\"https:\/\/blogdemarion.fr\/wp-content\/uploads\/2020\/02\/A1PlaineC.jpg\" alt=\"\" class=\"wp-image-7149\" srcset=\"https:\/\/blogdemarion.fr\/wp-content\/uploads\/2020\/02\/A1PlaineC.jpg 921w, https:\/\/blogdemarion.fr\/wp-content\/uploads\/2020\/02\/A1PlaineC-300x225.jpg 300w, https:\/\/blogdemarion.fr\/wp-content\/uploads\/2020\/02\/A1PlaineC-768x576.jpg 768w\" sizes=\"auto, (max-width: 921px) 100vw, 921px\" \/><\/figure>\n\n\n\n<figure class=\"wp-block-image\"><img loading=\"lazy\" decoding=\"async\" width=\"921\" height=\"691\" src=\"https:\/\/blogdemarion.fr\/wp-content\/uploads\/2020\/02\/A1PlaineD.jpg\" alt=\"\" class=\"wp-image-7150\" srcset=\"https:\/\/blogdemarion.fr\/wp-content\/uploads\/2020\/02\/A1PlaineD.jpg 921w, https:\/\/blogdemarion.fr\/wp-content\/uploads\/2020\/02\/A1PlaineD-300x225.jpg 300w, https:\/\/blogdemarion.fr\/wp-content\/uploads\/2020\/02\/A1PlaineD-768x576.jpg 768w\" sizes=\"auto, (max-width: 921px) 100vw, 921px\" \/><\/figure>\n\n\n\n<p>Une belle conclusion pour cette charmante balade.<\/p>\n\n\n<p><iframe loading=\"lazy\" src=\"https:\/\/www.google.com\/maps\/d\/embed?mid=1rNzMQkWX0dgeua_Rm_6J7ek-NUoyjP67\" width=\"100%\" height=\"400\" style=\"border:none\"><\/iframe><\/p>\n<p><a href=\"https:\/\/blogdemarion.fr\/tracesGPS\/CreteDeBaumayrane.gpx\">T\u00e9lechargez le fichier GPX<\/a><\/p>","protected":false},"excerpt":{"rendered":"<p>Les Alpilles : Cr\u00eate de Baumayrane Nous d\u00e9butons aujourd&rsquo;hui de la carri\u00e8re des lumi\u00e8res, encore ferm\u00e9e en cette p\u00e9riode hivernale, et partons vers le bas, en direction du val d&rsquo;enfer. Le pass\u00e9 d\u00e9di\u00e9 aux carri\u00e8res est encore bien visible. Nous plongeons dans le vallon, aux pieds des blocs de calcaire. Puis, nous obliquons vers la &hellip; <a href=\"https:\/\/blogdemarion.fr\/?p=7093\">Continue reading <span class=\"meta-nav\">&rarr;<\/span><\/a><\/p>\n","protected":false},"author":3,"featured_media":0,"comment_status":"open","ping_status":"open","sticky":false,"template":"","format":"standard","meta":{"footnotes":""},"categories":[17],"tags":[],"class_list":["post-7093","post","type-post","status-publish","format-standard","hentry","category-randonnees"],"_links":{"self":[{"href":"https:\/\/blogdemarion.fr\/index.php?rest_route=\/wp\/v2\/posts\/7093","targetHints":{"allow":["GET"]}}],"collection":[{"href":"https:\/\/blogdemarion.fr\/index.php?rest_route=\/wp\/v2\/posts"}],"about":[{"href":"https:\/\/blogdemarion.fr\/index.php?rest_route=\/wp\/v2\/types\/post"}],"author":[{"embeddable":true,"href":"https:\/\/blogdemarion.fr\/index.php?rest_route=\/wp\/v2\/users\/3"}],"replies":[{"embeddable":true,"href":"https:\/\/blogdemarion.fr\/index.php?rest_route=%2Fwp%2Fv2%2Fcomments&post=7093"}],"version-history":[{"count":12,"href":"https:\/\/blogdemarion.fr\/index.php?rest_route=\/wp\/v2\/posts\/7093\/revisions"}],"predecessor-version":[{"id":7179,"href":"https:\/\/blogdemarion.fr\/index.php?rest_route=\/wp\/v2\/posts\/7093\/revisions\/7179"}],"wp:attachment":[{"href":"https:\/\/blogdemarion.fr\/index.php?rest_route=%2Fwp%2Fv2%2Fmedia&parent=7093"}],"wp:term":[{"taxonomy":"category","embeddable":true,"href":"https:\/\/blogdemarion.fr\/index.php?rest_route=%2Fwp%2Fv2%2Fcategories&post=7093"},{"taxonomy":"post_tag","embeddable":true,"href":"https:\/\/blogdemarion.fr\/index.php?rest_route=%2Fwp%2Fv2%2Ftags&post=7093"}],"curies":[{"name":"wp","href":"https:\/\/api.w.org\/{rel}","templated":true}]}}