{"id":6818,"date":"2019-12-01T20:28:06","date_gmt":"2019-12-01T19:28:06","guid":{"rendered":"http:\/\/blogdemarion.fr\/?p=6818"},"modified":"2019-12-07T18:07:15","modified_gmt":"2019-12-07T17:07:15","slug":"occitanie-le-lac-du-salagou","status":"publish","type":"post","link":"https:\/\/blogdemarion.fr\/?p=6818","title":{"rendered":"Occitanie : le lac du Salagou"},"content":{"rendered":"\n<p><strong>Occitanie : Le lac du Salagou<\/strong><br><\/p>\n\n\n\n<p>Aujourd&rsquo;hui, changement de d\u00e9cor : nous voici en Occitanie au bord du lac du Salagou.<\/p>\n\n\n\n<figure class=\"wp-block-image\"><img loading=\"lazy\" decoding=\"async\" width=\"921\" height=\"691\" src=\"https:\/\/blogdemarion.fr\/wp-content\/uploads\/2019\/12\/BordSalagouCactusPetit-3.jpg\" alt=\"\" class=\"wp-image-6850\" srcset=\"https:\/\/blogdemarion.fr\/wp-content\/uploads\/2019\/12\/BordSalagouCactusPetit-3.jpg 921w, https:\/\/blogdemarion.fr\/wp-content\/uploads\/2019\/12\/BordSalagouCactusPetit-3-300x225.jpg 300w, https:\/\/blogdemarion.fr\/wp-content\/uploads\/2019\/12\/BordSalagouCactusPetit-3-768x576.jpg 768w\" sizes=\"auto, (max-width: 921px) 100vw, 921px\" \/><\/figure>\n\n\n\n<p>Nous d\u00e9marrons notre randonn\u00e9e du camping des Faysses, au nord de l&rsquo;eau. Le sentier est bord\u00e9 de nombreux pieds de figues de barbarie.<\/p>\n\n\n\n<figure class=\"wp-block-image\"><img loading=\"lazy\" decoding=\"async\" width=\"921\" height=\"691\" src=\"https:\/\/blogdemarion.fr\/wp-content\/uploads\/2019\/12\/BordSalagouCactusPetit-2.jpg\" alt=\"\" class=\"wp-image-6849\" srcset=\"https:\/\/blogdemarion.fr\/wp-content\/uploads\/2019\/12\/BordSalagouCactusPetit-2.jpg 921w, https:\/\/blogdemarion.fr\/wp-content\/uploads\/2019\/12\/BordSalagouCactusPetit-2-300x225.jpg 300w, https:\/\/blogdemarion.fr\/wp-content\/uploads\/2019\/12\/BordSalagouCactusPetit-2-768x576.jpg 768w\" sizes=\"auto, (max-width: 921px) 100vw, 921px\" \/><\/figure>\n\n\n\n<p>Le sol est lui, bien \u00e9trange, fait de ruffe.<\/p>\n\n\n\n<figure class=\"wp-block-image\"><img loading=\"lazy\" decoding=\"async\" width=\"921\" height=\"691\" src=\"https:\/\/blogdemarion.fr\/wp-content\/uploads\/2019\/12\/SalagouSolPetit.jpg\" alt=\"\" class=\"wp-image-6847\" srcset=\"https:\/\/blogdemarion.fr\/wp-content\/uploads\/2019\/12\/SalagouSolPetit.jpg 921w, https:\/\/blogdemarion.fr\/wp-content\/uploads\/2019\/12\/SalagouSolPetit-300x225.jpg 300w, https:\/\/blogdemarion.fr\/wp-content\/uploads\/2019\/12\/SalagouSolPetit-768x576.jpg 768w\" sizes=\"auto, (max-width: 921px) 100vw, 921px\" \/><\/figure>\n\n\n\n<p>Nous arrivons bient\u00f4t \u00e0 la chapelle Notre Dame des Clans. <\/p>\n\n\n\n<figure class=\"wp-block-image\"><img loading=\"lazy\" decoding=\"async\" width=\"921\" height=\"691\" src=\"https:\/\/blogdemarion.fr\/wp-content\/uploads\/2019\/12\/SalagouChapellePetit.jpg\" alt=\"\" class=\"wp-image-6840\" srcset=\"https:\/\/blogdemarion.fr\/wp-content\/uploads\/2019\/12\/SalagouChapellePetit.jpg 921w, https:\/\/blogdemarion.fr\/wp-content\/uploads\/2019\/12\/SalagouChapellePetit-300x225.jpg 300w, https:\/\/blogdemarion.fr\/wp-content\/uploads\/2019\/12\/SalagouChapellePetit-768x576.jpg 768w\" sizes=\"auto, (max-width: 921px) 100vw, 921px\" \/><\/figure>\n\n\n\n<p>De l\u00e0, belle vue sur le lac.<\/p>\n\n\n\n<figure class=\"wp-block-image\"><img loading=\"lazy\" decoding=\"async\" width=\"921\" height=\"691\" src=\"https:\/\/blogdemarion.fr\/wp-content\/uploads\/2019\/12\/ChapelleSalagouVuePetit.jpg\" alt=\"\" class=\"wp-image-6838\" srcset=\"https:\/\/blogdemarion.fr\/wp-content\/uploads\/2019\/12\/ChapelleSalagouVuePetit.jpg 921w, https:\/\/blogdemarion.fr\/wp-content\/uploads\/2019\/12\/ChapelleSalagouVuePetit-300x225.jpg 300w, https:\/\/blogdemarion.fr\/wp-content\/uploads\/2019\/12\/ChapelleSalagouVuePetit-768x576.jpg 768w\" sizes=\"auto, (max-width: 921px) 100vw, 921px\" \/><\/figure>\n\n\n\n<p>Nous poursuivons le long des berges, dans cette terre toujours aussi surprenante.<\/p>\n\n\n\n<figure class=\"wp-block-image\"><img loading=\"lazy\" decoding=\"async\" width=\"921\" height=\"691\" src=\"https:\/\/blogdemarion.fr\/wp-content\/uploads\/2019\/12\/SalagouTerrePetit.jpg\" alt=\"\" class=\"wp-image-6848\" srcset=\"https:\/\/blogdemarion.fr\/wp-content\/uploads\/2019\/12\/SalagouTerrePetit.jpg 921w, https:\/\/blogdemarion.fr\/wp-content\/uploads\/2019\/12\/SalagouTerrePetit-300x225.jpg 300w, https:\/\/blogdemarion.fr\/wp-content\/uploads\/2019\/12\/SalagouTerrePetit-768x576.jpg 768w\" sizes=\"auto, (max-width: 921px) 100vw, 921px\" \/><\/figure>\n\n\n\n<p>Nous bifurquons ensuite sur la gauche pour monter sur le sommet de la cr\u00eate.<\/p>\n\n\n\n<figure class=\"wp-block-image\"><img loading=\"lazy\" decoding=\"async\" width=\"691\" height=\"921\" src=\"https:\/\/blogdemarion.fr\/wp-content\/uploads\/2019\/12\/SalagouMonteePetit.jpg\" alt=\"\" class=\"wp-image-6845\" srcset=\"https:\/\/blogdemarion.fr\/wp-content\/uploads\/2019\/12\/SalagouMonteePetit.jpg 691w, https:\/\/blogdemarion.fr\/wp-content\/uploads\/2019\/12\/SalagouMonteePetit-225x300.jpg 225w\" sizes=\"auto, (max-width: 691px) 100vw, 691px\" \/><\/figure>\n\n\n\n<p>La vue est diff\u00e9rente, un peu cach\u00e9e par la v\u00e9g\u00e9tation.<\/p>\n\n\n\n<figure class=\"wp-block-image\"><img loading=\"lazy\" decoding=\"async\" width=\"921\" height=\"691\" src=\"https:\/\/blogdemarion.fr\/wp-content\/uploads\/2019\/12\/SalagouVueCacheePetit.jpg\" alt=\"\" class=\"wp-image-6837\" srcset=\"https:\/\/blogdemarion.fr\/wp-content\/uploads\/2019\/12\/SalagouVueCacheePetit.jpg 921w, https:\/\/blogdemarion.fr\/wp-content\/uploads\/2019\/12\/SalagouVueCacheePetit-300x225.jpg 300w, https:\/\/blogdemarion.fr\/wp-content\/uploads\/2019\/12\/SalagouVueCacheePetit-768x576.jpg 768w\" sizes=\"auto, (max-width: 921px) 100vw, 921px\" \/><\/figure>\n\n\n\n<p> Nous rentrons par le sentier de la cr\u00eate o\u00f9 nous croisons un troupeau de ch\u00e8vres.<\/p>\n\n\n\n<figure class=\"wp-block-image\"><img loading=\"lazy\" decoding=\"async\" width=\"921\" height=\"691\" src=\"https:\/\/blogdemarion.fr\/wp-content\/uploads\/2019\/12\/SalagouChevresPetit.jpg\" alt=\"\" class=\"wp-image-6842\" srcset=\"https:\/\/blogdemarion.fr\/wp-content\/uploads\/2019\/12\/SalagouChevresPetit.jpg 921w, https:\/\/blogdemarion.fr\/wp-content\/uploads\/2019\/12\/SalagouChevresPetit-300x225.jpg 300w, https:\/\/blogdemarion.fr\/wp-content\/uploads\/2019\/12\/SalagouChevresPetit-768x576.jpg 768w\" sizes=\"auto, (max-width: 921px) 100vw, 921px\" \/><\/figure>\n\n\n\n<p>Les vues  sur le lac sont de plus en plus d\u00e9gag\u00e9es,<\/p>\n\n\n\n<figure class=\"wp-block-image\"><img loading=\"lazy\" decoding=\"async\" width=\"921\" height=\"691\" src=\"https:\/\/blogdemarion.fr\/wp-content\/uploads\/2019\/12\/salagouCreteDegageePetit.jpg\" alt=\"\" class=\"wp-image-6844\" srcset=\"https:\/\/blogdemarion.fr\/wp-content\/uploads\/2019\/12\/salagouCreteDegageePetit.jpg 921w, https:\/\/blogdemarion.fr\/wp-content\/uploads\/2019\/12\/salagouCreteDegageePetit-300x225.jpg 300w, https:\/\/blogdemarion.fr\/wp-content\/uploads\/2019\/12\/salagouCreteDegageePetit-768x576.jpg 768w\" sizes=\"auto, (max-width: 921px) 100vw, 921px\" \/><\/figure>\n\n\n\n<p>Et nous sommes bient\u00f4t \u00e0 l&rsquo;aplomb de la chapelle.<\/p>\n\n\n\n<figure class=\"wp-block-image\"><img loading=\"lazy\" decoding=\"async\" width=\"921\" height=\"691\" src=\"https:\/\/blogdemarion.fr\/wp-content\/uploads\/2019\/12\/SalagouChapelleSoleilPetit.jpg\" alt=\"\" class=\"wp-image-6841\" srcset=\"https:\/\/blogdemarion.fr\/wp-content\/uploads\/2019\/12\/SalagouChapelleSoleilPetit.jpg 921w, https:\/\/blogdemarion.fr\/wp-content\/uploads\/2019\/12\/SalagouChapelleSoleilPetit-300x225.jpg 300w, https:\/\/blogdemarion.fr\/wp-content\/uploads\/2019\/12\/SalagouChapelleSoleilPetit-768x576.jpg 768w\" sizes=\"auto, (max-width: 921px) 100vw, 921px\" \/><\/figure>\n\n\n\n<p>Le soleil descend peu \u00e0 peu, nous offrant des vues sublimes.<\/p>\n\n\n\n<figure class=\"wp-block-image\"><img loading=\"lazy\" decoding=\"async\" width=\"921\" height=\"691\" src=\"https:\/\/blogdemarion.fr\/wp-content\/uploads\/2019\/12\/SalagouCoucheSoleilPetit.jpg\" alt=\"\" class=\"wp-image-6843\" srcset=\"https:\/\/blogdemarion.fr\/wp-content\/uploads\/2019\/12\/SalagouCoucheSoleilPetit.jpg 921w, https:\/\/blogdemarion.fr\/wp-content\/uploads\/2019\/12\/SalagouCoucheSoleilPetit-300x225.jpg 300w, https:\/\/blogdemarion.fr\/wp-content\/uploads\/2019\/12\/SalagouCoucheSoleilPetit-768x576.jpg 768w\" sizes=\"auto, (max-width: 921px) 100vw, 921px\" \/><\/figure>\n\n\n\n<p>Nous arrivons au point de d\u00e9part vers 17h00, le soleil a disparu et les p\u00eacheurs rentrent au bercail.<\/p>\n\n\n\n<figure class=\"wp-block-image\"><img loading=\"lazy\" decoding=\"async\" width=\"921\" height=\"691\" src=\"https:\/\/blogdemarion.fr\/wp-content\/uploads\/2019\/12\/SalagouNuitPetit.jpg\" alt=\"\" class=\"wp-image-6846\" srcset=\"https:\/\/blogdemarion.fr\/wp-content\/uploads\/2019\/12\/SalagouNuitPetit.jpg 921w, https:\/\/blogdemarion.fr\/wp-content\/uploads\/2019\/12\/SalagouNuitPetit-300x225.jpg 300w, https:\/\/blogdemarion.fr\/wp-content\/uploads\/2019\/12\/SalagouNuitPetit-768x576.jpg 768w\" sizes=\"auto, (max-width: 921px) 100vw, 921px\" \/><\/figure>\n\n\n\n<p>Tr\u00e8s belle premi\u00e8re randonn\u00e9e en Occitanie.<\/p>\n\n\n<p><iframe loading=\"lazy\" src=\"https:\/\/www.google.com\/maps\/d\/embed?mid=1HyQqyhswvDgfRkf0QB5YYkZ6GaULJlkV\" width=\"100%\" height=\"400\" style=\"border:none\"><\/iframe><\/p>\n<p><a href=\"https:\/\/blogdemarion.fr\/tracesGPS\/BalconsLacSalagou.gpx\">T\u00e9lechargez le fichier GPX<\/a><\/p>","protected":false},"excerpt":{"rendered":"<p>Occitanie : Le lac du Salagou Aujourd&rsquo;hui, changement de d\u00e9cor : nous voici en Occitanie au bord du lac du Salagou. Nous d\u00e9marrons notre randonn\u00e9e du camping des Faysses, au nord de l&rsquo;eau. Le sentier est bord\u00e9 de nombreux pieds de figues de barbarie. Le sol est lui, bien \u00e9trange, fait de ruffe. Nous arrivons &hellip; <a href=\"https:\/\/blogdemarion.fr\/?p=6818\">Continue reading <span class=\"meta-nav\">&rarr;<\/span><\/a><\/p>\n","protected":false},"author":3,"featured_media":0,"comment_status":"open","ping_status":"open","sticky":false,"template":"","format":"standard","meta":{"footnotes":""},"categories":[17],"tags":[],"class_list":["post-6818","post","type-post","status-publish","format-standard","hentry","category-randonnees"],"_links":{"self":[{"href":"https:\/\/blogdemarion.fr\/index.php?rest_route=\/wp\/v2\/posts\/6818","targetHints":{"allow":["GET"]}}],"collection":[{"href":"https:\/\/blogdemarion.fr\/index.php?rest_route=\/wp\/v2\/posts"}],"about":[{"href":"https:\/\/blogdemarion.fr\/index.php?rest_route=\/wp\/v2\/types\/post"}],"author":[{"embeddable":true,"href":"https:\/\/blogdemarion.fr\/index.php?rest_route=\/wp\/v2\/users\/3"}],"replies":[{"embeddable":true,"href":"https:\/\/blogdemarion.fr\/index.php?rest_route=%2Fwp%2Fv2%2Fcomments&post=6818"}],"version-history":[{"count":23,"href":"https:\/\/blogdemarion.fr\/index.php?rest_route=\/wp\/v2\/posts\/6818\/revisions"}],"predecessor-version":[{"id":6914,"href":"https:\/\/blogdemarion.fr\/index.php?rest_route=\/wp\/v2\/posts\/6818\/revisions\/6914"}],"wp:attachment":[{"href":"https:\/\/blogdemarion.fr\/index.php?rest_route=%2Fwp%2Fv2%2Fmedia&parent=6818"}],"wp:term":[{"taxonomy":"category","embeddable":true,"href":"https:\/\/blogdemarion.fr\/index.php?rest_route=%2Fwp%2Fv2%2Fcategories&post=6818"},{"taxonomy":"post_tag","embeddable":true,"href":"https:\/\/blogdemarion.fr\/index.php?rest_route=%2Fwp%2Fv2%2Ftags&post=6818"}],"curies":[{"name":"wp","href":"https:\/\/api.w.org\/{rel}","templated":true}]}}