{"id":6278,"date":"2019-08-26T12:20:58","date_gmt":"2019-08-26T11:20:58","guid":{"rendered":"http:\/\/blogdemarion.fr\/?p=6278"},"modified":"2020-06-08T13:56:35","modified_gmt":"2020-06-08T12:56:35","slug":"vallee-de-la-claree-aiguille-rouge","status":"publish","type":"post","link":"https:\/\/blogdemarion.fr\/?p=6278","title":{"rendered":"Vall\u00e9e de la Clar\u00e9e : Aiguille rouge"},"content":{"rendered":"\n<p><strong>Vall\u00e9e de la Clar\u00e9e : Aiguille rouge<\/strong><\/p>\n\n\n\n<p>Du col de l\u2019\u00e9chelle, nous prenons une bonne sente dans\nles m\u00e9l\u00e8zes. <\/p>\n\n\n\n<figure class=\"wp-block-image\"><img loading=\"lazy\" decoding=\"async\" width=\"691\" height=\"921\" src=\"https:\/\/blogdemarion.fr\/wp-content\/uploads\/2019\/08\/ARSentier.jpg\" alt=\"\" class=\"wp-image-6289\" srcset=\"https:\/\/blogdemarion.fr\/wp-content\/uploads\/2019\/08\/ARSentier.jpg 691w, https:\/\/blogdemarion.fr\/wp-content\/uploads\/2019\/08\/ARSentier-225x300.jpg 225w\" sizes=\"auto, (max-width: 691px) 100vw, 691px\" \/><\/figure>\n\n\n\n<p>L\u2019aiguille rouge se dresse face \u00e0 nous.<\/p>\n\n\n\n<figure class=\"wp-block-image\"><img loading=\"lazy\" decoding=\"async\" width=\"691\" height=\"921\" src=\"https:\/\/blogdemarion.fr\/wp-content\/uploads\/2019\/08\/ARAiguilleVueDepart.jpg\" alt=\"\" class=\"wp-image-6290\" srcset=\"https:\/\/blogdemarion.fr\/wp-content\/uploads\/2019\/08\/ARAiguilleVueDepart.jpg 691w, https:\/\/blogdemarion.fr\/wp-content\/uploads\/2019\/08\/ARAiguilleVueDepart-225x300.jpg 225w\" sizes=\"auto, (max-width: 691px) 100vw, 691px\" \/><\/figure>\n\n\n\n<p>Le sentier monte dans la for\u00eat et la vall\u00e9e de Plampinet est bient\u00f4t en vue.<\/p>\n\n\n\n<figure class=\"wp-block-image\"><img loading=\"lazy\" decoding=\"async\" width=\"691\" height=\"921\" src=\"https:\/\/blogdemarion.fr\/wp-content\/uploads\/2019\/08\/ARPlampinet-1.jpg\" alt=\"\" class=\"wp-image-6295\" srcset=\"https:\/\/blogdemarion.fr\/wp-content\/uploads\/2019\/08\/ARPlampinet-1.jpg 691w, https:\/\/blogdemarion.fr\/wp-content\/uploads\/2019\/08\/ARPlampinet-1-225x300.jpg 225w\" sizes=\"auto, (max-width: 691px) 100vw, 691px\" \/><\/figure>\n\n\n\n<p>A l\u2019oppos\u00e9 c\u2019est l\u2019Italie et le village de Bardon\u00e8che.<\/p>\n\n\n\n<figure class=\"wp-block-image\"><img loading=\"lazy\" decoding=\"async\" width=\"921\" height=\"691\" src=\"https:\/\/blogdemarion.fr\/wp-content\/uploads\/2019\/08\/ARBardoneche.jpg\" alt=\"\" class=\"wp-image-6293\" srcset=\"https:\/\/blogdemarion.fr\/wp-content\/uploads\/2019\/08\/ARBardoneche.jpg 921w, https:\/\/blogdemarion.fr\/wp-content\/uploads\/2019\/08\/ARBardoneche-300x225.jpg 300w, https:\/\/blogdemarion.fr\/wp-content\/uploads\/2019\/08\/ARBardoneche-768x576.jpg 768w\" sizes=\"auto, (max-width: 921px) 100vw, 921px\" \/><\/figure>\n\n\n\n<p>Notre marche d\u2019approche se poursuit sous un soleil radieux.<\/p>\n\n\n\n<figure class=\"wp-block-image\"><img loading=\"lazy\" decoding=\"async\" width=\"691\" height=\"921\" src=\"https:\/\/blogdemarion.fr\/wp-content\/uploads\/2019\/08\/ARAiguille.jpg\" alt=\"\" class=\"wp-image-6302\" srcset=\"https:\/\/blogdemarion.fr\/wp-content\/uploads\/2019\/08\/ARAiguille.jpg 691w, https:\/\/blogdemarion.fr\/wp-content\/uploads\/2019\/08\/ARAiguille-225x300.jpg 225w\" sizes=\"auto, (max-width: 691px) 100vw, 691px\" \/><\/figure>\n\n\n\n<p>Nous sortons bient\u00f4t de la for\u00eat pour grimper franchement jusqu\u2019au\nsommet.<\/p>\n\n\n\n<figure class=\"wp-block-image\"><img loading=\"lazy\" decoding=\"async\" width=\"691\" height=\"921\" src=\"https:\/\/blogdemarion.fr\/wp-content\/uploads\/2019\/08\/ARVersAiguille.jpg\" alt=\"\" class=\"wp-image-6303\" srcset=\"https:\/\/blogdemarion.fr\/wp-content\/uploads\/2019\/08\/ARVersAiguille.jpg 691w, https:\/\/blogdemarion.fr\/wp-content\/uploads\/2019\/08\/ARVersAiguille-225x300.jpg 225w\" sizes=\"auto, (max-width: 691px) 100vw, 691px\" \/><\/figure>\n\n\n\n<p>\n\n\n\n\n\n\n\n\n\n\n\n\n\n\n\n\nMagnifique\npanorama \u00e0 360 \u00b0, \n\n\n\n<\/p>\n\n\n\n<figure class=\"wp-block-image\"><img loading=\"lazy\" decoding=\"async\" width=\"1024\" height=\"188\" src=\"https:\/\/blogdemarion.fr\/wp-content\/uploads\/2019\/08\/ARPanorama-1024x188.jpg\" alt=\"\" class=\"wp-image-6304\" srcset=\"https:\/\/blogdemarion.fr\/wp-content\/uploads\/2019\/08\/ARPanorama-1024x188.jpg 1024w, https:\/\/blogdemarion.fr\/wp-content\/uploads\/2019\/08\/ARPanorama-300x55.jpg 300w, https:\/\/blogdemarion.fr\/wp-content\/uploads\/2019\/08\/ARPanorama-768x141.jpg 768w, https:\/\/blogdemarion.fr\/wp-content\/uploads\/2019\/08\/ARPanorama.jpg 1063w\" sizes=\"auto, (max-width: 1024px) 100vw, 1024px\" \/><\/figure>\n\n\n\n<p>tr\u00e8s pris\u00e9 des Italiens comme le d\u00e9montre la croix sommitale.<\/p>\n\n\n\n<figure class=\"wp-block-image\"><img loading=\"lazy\" decoding=\"async\" width=\"921\" height=\"691\" src=\"https:\/\/blogdemarion.fr\/wp-content\/uploads\/2019\/08\/ARCroix.jpg\" alt=\"\" class=\"wp-image-6305\" srcset=\"https:\/\/blogdemarion.fr\/wp-content\/uploads\/2019\/08\/ARCroix.jpg 921w, https:\/\/blogdemarion.fr\/wp-content\/uploads\/2019\/08\/ARCroix-300x225.jpg 300w, https:\/\/blogdemarion.fr\/wp-content\/uploads\/2019\/08\/ARCroix-768x576.jpg 768w\" sizes=\"auto, (max-width: 921px) 100vw, 921px\" \/><\/figure>\n\n\n\n<p>Nous repartons ensuite en direction du col des Thures et du lac Chavillon.<\/p>\n\n\n\n<figure class=\"wp-block-image\"><img loading=\"lazy\" decoding=\"async\" width=\"921\" height=\"691\" src=\"https:\/\/blogdemarion.fr\/wp-content\/uploads\/2019\/08\/ARColLacThures.jpg\" alt=\"\" class=\"wp-image-6306\" srcset=\"https:\/\/blogdemarion.fr\/wp-content\/uploads\/2019\/08\/ARColLacThures.jpg 921w, https:\/\/blogdemarion.fr\/wp-content\/uploads\/2019\/08\/ARColLacThures-300x225.jpg 300w, https:\/\/blogdemarion.fr\/wp-content\/uploads\/2019\/08\/ARColLacThures-768x576.jpg 768w\" sizes=\"auto, (max-width: 921px) 100vw, 921px\" \/><\/figure>\n\n\n\n<p>Apr\u00e8s une descente un peu caillouteuse, nous retrouverons l\u2019alpage\npuis le lac Chavillon<\/p>\n\n\n\n<figure class=\"wp-block-image\"><img loading=\"lazy\" decoding=\"async\" width=\"921\" height=\"691\" src=\"https:\/\/blogdemarion.fr\/wp-content\/uploads\/2019\/08\/ARColThures.jpg\" alt=\"\" class=\"wp-image-6307\" srcset=\"https:\/\/blogdemarion.fr\/wp-content\/uploads\/2019\/08\/ARColThures.jpg 921w, https:\/\/blogdemarion.fr\/wp-content\/uploads\/2019\/08\/ARColThures-300x225.jpg 300w, https:\/\/blogdemarion.fr\/wp-content\/uploads\/2019\/08\/ARColThures-768x576.jpg 768w\" sizes=\"auto, (max-width: 921px) 100vw, 921px\" \/><\/figure>\n\n\n\n<p>D\u2019o\u00f9 les vues sont superbes.<\/p>\n\n\n\n<figure class=\"wp-block-image\"><img loading=\"lazy\" decoding=\"async\" width=\"921\" height=\"691\" src=\"https:\/\/blogdemarion.fr\/wp-content\/uploads\/2019\/08\/ARVues.jpg\" alt=\"\" class=\"wp-image-6308\" srcset=\"https:\/\/blogdemarion.fr\/wp-content\/uploads\/2019\/08\/ARVues.jpg 921w, https:\/\/blogdemarion.fr\/wp-content\/uploads\/2019\/08\/ARVues-300x225.jpg 300w, https:\/\/blogdemarion.fr\/wp-content\/uploads\/2019\/08\/ARVues-768x576.jpg 768w\" sizes=\"auto, (max-width: 921px) 100vw, 921px\" \/><\/figure>\n\n\n\n<p>La vue sur l\u2019aiguille est tout \u00e0 fait diff\u00e9rente.<\/p>\n\n\n\n<figure class=\"wp-block-image\"><img loading=\"lazy\" decoding=\"async\" width=\"691\" height=\"921\" src=\"https:\/\/blogdemarion.fr\/wp-content\/uploads\/2019\/08\/ARAigulleVueLac-1.jpg\" alt=\"\" class=\"wp-image-6311\" srcset=\"https:\/\/blogdemarion.fr\/wp-content\/uploads\/2019\/08\/ARAigulleVueLac-1.jpg 691w, https:\/\/blogdemarion.fr\/wp-content\/uploads\/2019\/08\/ARAigulleVueLac-1-225x300.jpg 225w\" sizes=\"auto, (max-width: 691px) 100vw, 691px\" \/><\/figure>\n\n\n\n<p>Nous reprenons un peu d\u2019altitude pour monter au lac Bellety. L\u00e0, plus de sentier, ni de touristes, c\u2019est un vrai havre de paix.<\/p>\n\n\n\n<figure class=\"wp-block-image\"><img loading=\"lazy\" decoding=\"async\" width=\"921\" height=\"691\" src=\"https:\/\/blogdemarion.fr\/wp-content\/uploads\/2019\/08\/ARLac.jpg\" alt=\"\" class=\"wp-image-6312\" srcset=\"https:\/\/blogdemarion.fr\/wp-content\/uploads\/2019\/08\/ARLac.jpg 921w, https:\/\/blogdemarion.fr\/wp-content\/uploads\/2019\/08\/ARLac-300x225.jpg 300w, https:\/\/blogdemarion.fr\/wp-content\/uploads\/2019\/08\/ARLac-768x576.jpg 768w\" sizes=\"auto, (max-width: 921px) 100vw, 921px\" \/><\/figure>\n\n\n\n<p>Apr\u00e8s une descente \u00e0 travers champs, nous rejoignons la\nbergerie de l\u2019alpage o\u00f9 un brave \u00e2ne gris nous salue.<\/p>\n\n\n\n<figure class=\"wp-block-image\"><img loading=\"lazy\" decoding=\"async\" width=\"691\" height=\"921\" src=\"https:\/\/blogdemarion.fr\/wp-content\/uploads\/2019\/08\/ARAne.jpg\" alt=\"\" class=\"wp-image-6313\" srcset=\"https:\/\/blogdemarion.fr\/wp-content\/uploads\/2019\/08\/ARAne.jpg 691w, https:\/\/blogdemarion.fr\/wp-content\/uploads\/2019\/08\/ARAne-225x300.jpg 225w\" sizes=\"auto, (max-width: 691px) 100vw, 691px\" \/><\/figure>\n\n\n\n<p>Une derni\u00e8re mont\u00e9e pour rejoindre les ruines de la t\u00eate noire nous offre encore de tr\u00e8s beaux panoramas <\/p>\n\n\n\n<figure class=\"wp-block-image\"><img loading=\"lazy\" decoding=\"async\" width=\"921\" height=\"691\" src=\"https:\/\/blogdemarion.fr\/wp-content\/uploads\/2019\/08\/ARVersTeteNoire.jpg\" alt=\"\" class=\"wp-image-6315\" srcset=\"https:\/\/blogdemarion.fr\/wp-content\/uploads\/2019\/08\/ARVersTeteNoire.jpg 921w, https:\/\/blogdemarion.fr\/wp-content\/uploads\/2019\/08\/ARVersTeteNoire-300x225.jpg 300w, https:\/\/blogdemarion.fr\/wp-content\/uploads\/2019\/08\/ARVersTeteNoire-768x576.jpg 768w\" sizes=\"auto, (max-width: 921px) 100vw, 921px\" \/><\/figure>\n\n\n\n<p>et une br\u00e8ve vue sur les chemin\u00e9es des f\u00e9es.<\/p>\n\n\n\n<figure class=\"wp-block-image\"><img decoding=\"async\" src=\"https:\/\/blogdemarion.fr\/wp-content\/uploads\/2019\/08\/ARFees.jpg\" alt=\"\" class=\"wp-image-6314\" \/><\/figure>\n\n\n\n<p>Nous regardons une derni\u00e8re fois la croix<\/p>\n\n\n\n<figure class=\"wp-block-image\"><img loading=\"lazy\" decoding=\"async\" width=\"691\" height=\"921\" src=\"https:\/\/blogdemarion.fr\/wp-content\/uploads\/2019\/08\/ARTeteNoire.jpg\" alt=\"\" class=\"wp-image-6317\" srcset=\"https:\/\/blogdemarion.fr\/wp-content\/uploads\/2019\/08\/ARTeteNoire.jpg 691w, https:\/\/blogdemarion.fr\/wp-content\/uploads\/2019\/08\/ARTeteNoire-225x300.jpg 225w\" sizes=\"auto, (max-width: 691px) 100vw, 691px\" \/><\/figure>\n\n\n\n<figure class=\"wp-block-image\"><img loading=\"lazy\" decoding=\"async\" width=\"691\" height=\"921\" src=\"https:\/\/blogdemarion.fr\/wp-content\/uploads\/2019\/08\/ARCroixR.jpg\" alt=\"\" class=\"wp-image-6316\" srcset=\"https:\/\/blogdemarion.fr\/wp-content\/uploads\/2019\/08\/ARCroixR.jpg 691w, https:\/\/blogdemarion.fr\/wp-content\/uploads\/2019\/08\/ARCroixR-225x300.jpg 225w\" sizes=\"auto, (max-width: 691px) 100vw, 691px\" \/><\/figure>\n\n\n\n<p>avant de redescendre parmi pins et m\u00e9l\u00e8zes pour terminer cette magnifique balade et rentrer \u00e0 N\u00e9vache (Vue de la Croix).<\/p>\n\n\n\n<figure class=\"wp-block-image\"><img loading=\"lazy\" decoding=\"async\" width=\"921\" height=\"691\" src=\"https:\/\/blogdemarion.fr\/wp-content\/uploads\/2019\/08\/ARNevache.jpg\" alt=\"\" class=\"wp-image-6318\" srcset=\"https:\/\/blogdemarion.fr\/wp-content\/uploads\/2019\/08\/ARNevache.jpg 921w, https:\/\/blogdemarion.fr\/wp-content\/uploads\/2019\/08\/ARNevache-300x225.jpg 300w, https:\/\/blogdemarion.fr\/wp-content\/uploads\/2019\/08\/ARNevache-768x576.jpg 768w\" sizes=\"auto, (max-width: 921px) 100vw, 921px\" \/><\/figure>\n\n\n\n<p><\/p>\n\n\n\n<p><iframe loading=\"lazy\" src=\"https:\/\/www.google.com\/maps\/d\/embed?mid=1RR1N1kij2A9g_CXLk2CgQCsTv-fmmYVo\" width=\"100%\" height=\"400\" style=\"border:none\"><\/iframe><br><\/p>\n\n\n\n<\/p>\n<p><a href=\"https:\/\/blogdemarion.fr\/tracesGPS\/Aiguille_Rouge.GPX\">T\u00e9lechargez le fichier GPX<\/a><\/p>\n<p>\n\n\n<p><\/p>","protected":false},"excerpt":{"rendered":"<p>Vall\u00e9e de la Clar\u00e9e : Aiguille rouge Du col de l\u2019\u00e9chelle, nous prenons une bonne sente dans les m\u00e9l\u00e8zes. L\u2019aiguille rouge se dresse face \u00e0 nous. Le sentier monte dans la for\u00eat et la vall\u00e9e de Plampinet est bient\u00f4t en vue. A l\u2019oppos\u00e9 c\u2019est l\u2019Italie et le village de Bardon\u00e8che. Notre marche d\u2019approche se poursuit &hellip; <a href=\"https:\/\/blogdemarion.fr\/?p=6278\">Continue reading <span class=\"meta-nav\">&rarr;<\/span><\/a><\/p>\n","protected":false},"author":3,"featured_media":0,"comment_status":"open","ping_status":"open","sticky":false,"template":"","format":"standard","meta":{"footnotes":""},"categories":[17],"tags":[],"class_list":["post-6278","post","type-post","status-publish","format-standard","hentry","category-randonnees"],"_links":{"self":[{"href":"https:\/\/blogdemarion.fr\/index.php?rest_route=\/wp\/v2\/posts\/6278","targetHints":{"allow":["GET"]}}],"collection":[{"href":"https:\/\/blogdemarion.fr\/index.php?rest_route=\/wp\/v2\/posts"}],"about":[{"href":"https:\/\/blogdemarion.fr\/index.php?rest_route=\/wp\/v2\/types\/post"}],"author":[{"embeddable":true,"href":"https:\/\/blogdemarion.fr\/index.php?rest_route=\/wp\/v2\/users\/3"}],"replies":[{"embeddable":true,"href":"https:\/\/blogdemarion.fr\/index.php?rest_route=%2Fwp%2Fv2%2Fcomments&post=6278"}],"version-history":[{"count":16,"href":"https:\/\/blogdemarion.fr\/index.php?rest_route=\/wp\/v2\/posts\/6278\/revisions"}],"predecessor-version":[{"id":7781,"href":"https:\/\/blogdemarion.fr\/index.php?rest_route=\/wp\/v2\/posts\/6278\/revisions\/7781"}],"wp:attachment":[{"href":"https:\/\/blogdemarion.fr\/index.php?rest_route=%2Fwp%2Fv2%2Fmedia&parent=6278"}],"wp:term":[{"taxonomy":"category","embeddable":true,"href":"https:\/\/blogdemarion.fr\/index.php?rest_route=%2Fwp%2Fv2%2Fcategories&post=6278"},{"taxonomy":"post_tag","embeddable":true,"href":"https:\/\/blogdemarion.fr\/index.php?rest_route=%2Fwp%2Fv2%2Ftags&post=6278"}],"curies":[{"name":"wp","href":"https:\/\/api.w.org\/{rel}","templated":true}]}}