{"id":6089,"date":"2019-03-31T20:16:56","date_gmt":"2019-03-31T19:16:56","guid":{"rendered":"http:\/\/blogdemarion.fr\/?p=6089"},"modified":"2019-04-30T20:22:50","modified_gmt":"2019-04-30T19:22:50","slug":"vercors-pas-du-touet-pas-de-st-vincent","status":"publish","type":"post","link":"https:\/\/blogdemarion.fr\/?p=6089","title":{"rendered":"Vercors : Pas du Touet &#8211; Pas de St Vincent"},"content":{"rendered":"\n<p><strong>Vercors : <\/strong>Pas du Touet &#8211; Pas de St Vincent<strong> <\/strong><br><\/p>\n\n\n\n<p>Nous r\u00e9it\u00e9rons au printemps cette randonn\u00e9e que nous avions initi\u00e9e en hivers : mont\u00e9e au pas du Touet.<\/p>\n\n\n\n<p>Le pas franchi, le plateau nous appara\u00eet enfin, cette fois-ci sans le brouillard.<\/p>\n\n\n\n<figure class=\"wp-block-image\"><img loading=\"lazy\" decoding=\"async\" width=\"921\" height=\"691\" src=\"https:\/\/blogdemarion.fr\/wp-content\/uploads\/2019\/04\/PTPlateauPasTouet.jpg\" alt=\"\" class=\"wp-image-6102\" srcset=\"https:\/\/blogdemarion.fr\/wp-content\/uploads\/2019\/04\/PTPlateauPasTouet.jpg 921w, https:\/\/blogdemarion.fr\/wp-content\/uploads\/2019\/04\/PTPlateauPasTouet-300x225.jpg 300w, https:\/\/blogdemarion.fr\/wp-content\/uploads\/2019\/04\/PTPlateauPasTouet-768x576.jpg 768w\" sizes=\"auto, (max-width: 921px) 100vw, 921px\" \/><\/figure>\n\n\n\n<p>Nous d\u00e9cidons alors de poursuivre sur le plateau pour redescendre via un autre itin\u00e9raire.<\/p>\n\n\n\n<figure class=\"wp-block-image\"><img loading=\"lazy\" decoding=\"async\" width=\"921\" height=\"691\" src=\"https:\/\/blogdemarion.fr\/wp-content\/uploads\/2019\/04\/PTCampagnePlateauPT.jpg\" alt=\"\" class=\"wp-image-6096\" srcset=\"https:\/\/blogdemarion.fr\/wp-content\/uploads\/2019\/04\/PTCampagnePlateauPT.jpg 921w, https:\/\/blogdemarion.fr\/wp-content\/uploads\/2019\/04\/PTCampagnePlateauPT-300x225.jpg 300w, https:\/\/blogdemarion.fr\/wp-content\/uploads\/2019\/04\/PTCampagnePlateauPT-768x576.jpg 768w\" sizes=\"auto, (max-width: 921px) 100vw, 921px\" \/><\/figure>\n\n\n\n<p>Ici, cela ressemble plus \u00e0 la campagne qu&rsquo;\u00e0 la montagne<\/p>\n\n\n\n<figure class=\"wp-block-image\"><img loading=\"lazy\" decoding=\"async\" width=\"921\" height=\"691\" src=\"https:\/\/blogdemarion.fr\/wp-content\/uploads\/2019\/04\/PTCampagnePlateauPT2.jpg\" alt=\"\" class=\"wp-image-6097\" srcset=\"https:\/\/blogdemarion.fr\/wp-content\/uploads\/2019\/04\/PTCampagnePlateauPT2.jpg 921w, https:\/\/blogdemarion.fr\/wp-content\/uploads\/2019\/04\/PTCampagnePlateauPT2-300x225.jpg 300w, https:\/\/blogdemarion.fr\/wp-content\/uploads\/2019\/04\/PTCampagnePlateauPT2-768x576.jpg 768w\" sizes=\"auto, (max-width: 921px) 100vw, 921px\" \/><\/figure>\n\n\n\n<p>Mais bient\u00f4t, le sentier s&rsquo;\u00e9l\u00e8ve \u00e0 nouveau<\/p>\n\n\n\n<figure class=\"wp-block-image\"><img loading=\"lazy\" decoding=\"async\" width=\"921\" height=\"691\" src=\"https:\/\/blogdemarion.fr\/wp-content\/uploads\/2019\/04\/PTMonteeColPT.jpg\" alt=\"\" class=\"wp-image-6098\" srcset=\"https:\/\/blogdemarion.fr\/wp-content\/uploads\/2019\/04\/PTMonteeColPT.jpg 921w, https:\/\/blogdemarion.fr\/wp-content\/uploads\/2019\/04\/PTMonteeColPT-300x225.jpg 300w, https:\/\/blogdemarion.fr\/wp-content\/uploads\/2019\/04\/PTMonteeColPT-768x576.jpg 768w\" sizes=\"auto, (max-width: 921px) 100vw, 921px\" \/><\/figure>\n\n\n\n<p>pour atteindre un petit col et approcher du dernier n\u00e9v\u00e9<\/p>\n\n\n\n<figure class=\"wp-block-image\"><img loading=\"lazy\" decoding=\"async\" width=\"691\" height=\"921\" src=\"https:\/\/blogdemarion.fr\/wp-content\/uploads\/2019\/04\/PTPicPT.jpg\" alt=\"\" class=\"wp-image-6100\" srcset=\"https:\/\/blogdemarion.fr\/wp-content\/uploads\/2019\/04\/PTPicPT.jpg 691w, https:\/\/blogdemarion.fr\/wp-content\/uploads\/2019\/04\/PTPicPT-225x300.jpg 225w\" sizes=\"auto, (max-width: 691px) 100vw, 691px\" \/><\/figure>\n\n\n\n<p>Pierre chauve dresse son sommet<\/p>\n\n\n\n<figure class=\"wp-block-image\"><img loading=\"lazy\" decoding=\"async\" width=\"691\" height=\"921\" src=\"https:\/\/blogdemarion.fr\/wp-content\/uploads\/2019\/04\/PTPicPT2.jpg\" alt=\"\" class=\"wp-image-6101\" srcset=\"https:\/\/blogdemarion.fr\/wp-content\/uploads\/2019\/04\/PTPicPT2.jpg 691w, https:\/\/blogdemarion.fr\/wp-content\/uploads\/2019\/04\/PTPicPT2-225x300.jpg 225w\" sizes=\"auto, (max-width: 691px) 100vw, 691px\" \/><\/figure>\n\n\n\n<p>Nous redescendons dans une immense prairie d&rsquo;o\u00f9 la vue sur la vall\u00e9e est \u00e9poustouflante<\/p>\n\n\n\n<figure class=\"wp-block-image\"><img loading=\"lazy\" decoding=\"async\" width=\"921\" height=\"691\" src=\"https:\/\/blogdemarion.fr\/wp-content\/uploads\/2019\/04\/PTVuePlainePT.jpg\" alt=\"\" class=\"wp-image-6103\" srcset=\"https:\/\/blogdemarion.fr\/wp-content\/uploads\/2019\/04\/PTVuePlainePT.jpg 921w, https:\/\/blogdemarion.fr\/wp-content\/uploads\/2019\/04\/PTVuePlainePT-300x225.jpg 300w, https:\/\/blogdemarion.fr\/wp-content\/uploads\/2019\/04\/PTVuePlainePT-768x576.jpg 768w\" sizes=\"auto, (max-width: 921px) 100vw, 921px\" \/><\/figure>\n\n\n\n<p>La cha\u00eene du Vercors bien visible<\/p>\n\n\n\n<figure class=\"wp-block-image\"><img loading=\"lazy\" decoding=\"async\" width=\"921\" height=\"691\" src=\"https:\/\/blogdemarion.fr\/wp-content\/uploads\/2019\/04\/PTVueVercorsPT.jpg\" alt=\"\" class=\"wp-image-6104\" srcset=\"https:\/\/blogdemarion.fr\/wp-content\/uploads\/2019\/04\/PTVueVercorsPT.jpg 921w, https:\/\/blogdemarion.fr\/wp-content\/uploads\/2019\/04\/PTVueVercorsPT-300x225.jpg 300w, https:\/\/blogdemarion.fr\/wp-content\/uploads\/2019\/04\/PTVueVercorsPT-768x576.jpg 768w\" sizes=\"auto, (max-width: 921px) 100vw, 921px\" \/><\/figure>\n\n\n\n<p>de m\u00eame que le village en contrebas<\/p>\n\n\n\n<figure class=\"wp-block-image\"><img loading=\"lazy\" decoding=\"async\" width=\"691\" height=\"921\" src=\"https:\/\/blogdemarion.fr\/wp-content\/uploads\/2019\/04\/PTVueVillagePT.jpg\" alt=\"\" class=\"wp-image-6105\" srcset=\"https:\/\/blogdemarion.fr\/wp-content\/uploads\/2019\/04\/PTVueVillagePT.jpg 691w, https:\/\/blogdemarion.fr\/wp-content\/uploads\/2019\/04\/PTVueVillagePT-225x300.jpg 225w\" sizes=\"auto, (max-width: 691px) 100vw, 691px\" \/><\/figure>\n\n\n\n<p>Le pas St Vincent franchi, nous d\u00e9couvrons une belle aiguille<\/p>\n\n\n\n<figure class=\"wp-block-image\"><img loading=\"lazy\" decoding=\"async\" width=\"691\" height=\"921\" src=\"https:\/\/blogdemarion.fr\/wp-content\/uploads\/2019\/04\/PTAiguille.jpg\" alt=\"\" class=\"wp-image-6095\" srcset=\"https:\/\/blogdemarion.fr\/wp-content\/uploads\/2019\/04\/PTAiguille.jpg 691w, https:\/\/blogdemarion.fr\/wp-content\/uploads\/2019\/04\/PTAiguille-225x300.jpg 225w\" sizes=\"auto, (max-width: 691px) 100vw, 691px\" \/><\/figure>\n\n\n\n<p>avant de laisser la barre de rocher et rejoindre la vall\u00e9e<\/p>\n\n\n\n<figure class=\"wp-block-image\"><img loading=\"lazy\" decoding=\"async\" width=\"921\" height=\"691\" src=\"https:\/\/blogdemarion.fr\/wp-content\/uploads\/2019\/04\/PTPasStVincent.jpg\" alt=\"\" class=\"wp-image-6099\" srcset=\"https:\/\/blogdemarion.fr\/wp-content\/uploads\/2019\/04\/PTPasStVincent.jpg 921w, https:\/\/blogdemarion.fr\/wp-content\/uploads\/2019\/04\/PTPasStVincent-300x225.jpg 300w, https:\/\/blogdemarion.fr\/wp-content\/uploads\/2019\/04\/PTPasStVincent-768x576.jpg 768w\" sizes=\"auto, (max-width: 921px) 100vw, 921px\" \/><\/figure>\n\n\n<p><iframe loading=\"lazy\" src=\"https:\/\/www.google.com\/maps\/d\/embed?mid=1UwJ_DHecvDcagxLlF0pnYII4WPMzGrou\" width=\"100%\" height=\"400\" style=\"border:none\"><\/iframe><\/p>\n\n\n\n<p><a href=\"https:\/\/blogdemarion.fr\/tracesGPS\/Pas_Du_Touet_Pas_De_St_Vincent.gpx\">T\u00e9lechargez le fichier GPX<\/a><\/p>\n","protected":false},"excerpt":{"rendered":"<p>Vercors : Pas du Touet &#8211; Pas de St Vincent Nous r\u00e9it\u00e9rons au printemps cette randonn\u00e9e que nous avions initi\u00e9e en hivers : mont\u00e9e au pas du Touet. Le pas franchi, le plateau nous appara\u00eet enfin, cette fois-ci sans le brouillard. Nous d\u00e9cidons alors de poursuivre sur le plateau pour redescendre via un autre itin\u00e9raire. &hellip; <a href=\"https:\/\/blogdemarion.fr\/?p=6089\">Continue reading <span class=\"meta-nav\">&rarr;<\/span><\/a><\/p>\n","protected":false},"author":3,"featured_media":0,"comment_status":"open","ping_status":"open","sticky":false,"template":"","format":"standard","meta":{"footnotes":""},"categories":[17],"tags":[],"class_list":["post-6089","post","type-post","status-publish","format-standard","hentry","category-randonnees"],"_links":{"self":[{"href":"https:\/\/blogdemarion.fr\/index.php?rest_route=\/wp\/v2\/posts\/6089","targetHints":{"allow":["GET"]}}],"collection":[{"href":"https:\/\/blogdemarion.fr\/index.php?rest_route=\/wp\/v2\/posts"}],"about":[{"href":"https:\/\/blogdemarion.fr\/index.php?rest_route=\/wp\/v2\/types\/post"}],"author":[{"embeddable":true,"href":"https:\/\/blogdemarion.fr\/index.php?rest_route=\/wp\/v2\/users\/3"}],"replies":[{"embeddable":true,"href":"https:\/\/blogdemarion.fr\/index.php?rest_route=%2Fwp%2Fv2%2Fcomments&post=6089"}],"version-history":[{"count":9,"href":"https:\/\/blogdemarion.fr\/index.php?rest_route=\/wp\/v2\/posts\/6089\/revisions"}],"predecessor-version":[{"id":6109,"href":"https:\/\/blogdemarion.fr\/index.php?rest_route=\/wp\/v2\/posts\/6089\/revisions\/6109"}],"wp:attachment":[{"href":"https:\/\/blogdemarion.fr\/index.php?rest_route=%2Fwp%2Fv2%2Fmedia&parent=6089"}],"wp:term":[{"taxonomy":"category","embeddable":true,"href":"https:\/\/blogdemarion.fr\/index.php?rest_route=%2Fwp%2Fv2%2Fcategories&post=6089"},{"taxonomy":"post_tag","embeddable":true,"href":"https:\/\/blogdemarion.fr\/index.php?rest_route=%2Fwp%2Fv2%2Ftags&post=6089"}],"curies":[{"name":"wp","href":"https:\/\/api.w.org\/{rel}","templated":true}]}}