{"id":4519,"date":"2018-06-19T20:07:10","date_gmt":"2018-06-19T19:07:10","guid":{"rendered":"http:\/\/blogdemarion.fr\/?p=4519"},"modified":"2020-06-08T13:18:38","modified_gmt":"2020-06-08T12:18:38","slug":"la-reunion-sentier-du-littoral-de-saint-philippe-au-tremblet-extraits","status":"publish","type":"post","link":"https:\/\/blogdemarion.fr\/?p=4519","title":{"rendered":"La R\u00e9union : Sentier du littoral de Saint Philippe au Tremblet (extraits)"},"content":{"rendered":"<p><strong>La R\u00e9union : Sentier du littoral de Saint Philippe au Tremblet (extraits)<\/strong><\/p>\n<p>Aujourd&rsquo;hui, nous avons mis le cap sur la partie la moins habit\u00e9e de l&rsquo;\u00eele, le Sud-Est et d\u00e9butons au quai de sel<br \/>\n<a href=\"https:\/\/blogdemarion.fr\/?attachment_id=4539\" rel=\"attachment wp-att-4539\"><img loading=\"lazy\" decoding=\"async\" src=\"https:\/\/blogdemarion.fr\/wp-content\/uploads\/2018\/06\/SLQuaiMarie.jpg\" alt=\"SLQuaiMarie\" width=\"921\" height=\"691\" class=\"aligncenter size-full wp-image-4539\" srcset=\"https:\/\/blogdemarion.fr\/wp-content\/uploads\/2018\/06\/SLQuaiMarie.jpg 921w, https:\/\/blogdemarion.fr\/wp-content\/uploads\/2018\/06\/SLQuaiMarie-300x225.jpg 300w, https:\/\/blogdemarion.fr\/wp-content\/uploads\/2018\/06\/SLQuaiMarie-768x576.jpg 768w\" sizes=\"auto, (max-width: 921px) 100vw, 921px\" \/><\/a><\/p>\n<p>Ici, les vacoas sont rois,<br \/>\n<a href=\"https:\/\/blogdemarion.fr\/?attachment_id=4544\" rel=\"attachment wp-att-4544\"><img loading=\"lazy\" decoding=\"async\" src=\"https:\/\/blogdemarion.fr\/wp-content\/uploads\/2018\/06\/SLVacoa.jpg\" alt=\"SLVacoa\" width=\"691\" height=\"921\" class=\"aligncenter size-full wp-image-4544\" srcset=\"https:\/\/blogdemarion.fr\/wp-content\/uploads\/2018\/06\/SLVacoa.jpg 691w, https:\/\/blogdemarion.fr\/wp-content\/uploads\/2018\/06\/SLVacoa-225x300.jpg 225w\" sizes=\"auto, (max-width: 691px) 100vw, 691px\" \/><\/a><\/p>\n<p>avec leur fruit : le Pimpin<br \/>\n<a href=\"https:\/\/blogdemarion.fr\/?attachment_id=4540\" rel=\"attachment wp-att-4540\"><img loading=\"lazy\" decoding=\"async\" src=\"https:\/\/blogdemarion.fr\/wp-content\/uploads\/2018\/06\/SLPinpin.jpg\" alt=\"SLPinpin\" width=\"691\" height=\"921\" class=\"aligncenter size-full wp-image-4540\" srcset=\"https:\/\/blogdemarion.fr\/wp-content\/uploads\/2018\/06\/SLPinpin.jpg 691w, https:\/\/blogdemarion.fr\/wp-content\/uploads\/2018\/06\/SLPinpin-225x300.jpg 225w\" sizes=\"auto, (max-width: 691px) 100vw, 691px\" \/><\/a><\/p>\n<p>Nous descendons jusqu&rsquo;\u00e0 la surprenante plage de sable noir, \u00e0 quelques m\u00e8tres des derni\u00e8res coul\u00e9es de laves<br \/>\n<a href=\"https:\/\/blogdemarion.fr\/?attachment_id=4541\" rel=\"attachment wp-att-4541\"><img loading=\"lazy\" decoding=\"async\" src=\"https:\/\/blogdemarion.fr\/wp-content\/uploads\/2018\/06\/SLPlage.jpg\" alt=\"SLPlage\" width=\"921\" height=\"691\" class=\"aligncenter size-full wp-image-4541\" srcset=\"https:\/\/blogdemarion.fr\/wp-content\/uploads\/2018\/06\/SLPlage.jpg 921w, https:\/\/blogdemarion.fr\/wp-content\/uploads\/2018\/06\/SLPlage-300x225.jpg 300w, https:\/\/blogdemarion.fr\/wp-content\/uploads\/2018\/06\/SLPlage-768x576.jpg 768w\" sizes=\"auto, (max-width: 921px) 100vw, 921px\" \/><\/a><\/p>\n<p>Avant d&rsquo;entamer la randonn\u00e9e du journ\u00e9e sur le sentier du littoral, ici totalement enfoui dans la for\u00eat vierge<br \/>\n<a href=\"https:\/\/blogdemarion.fr\/?attachment_id=4542\" rel=\"attachment wp-att-4542\"><img loading=\"lazy\" decoding=\"async\" src=\"https:\/\/blogdemarion.fr\/wp-content\/uploads\/2018\/06\/SLFVierge.jpg\" alt=\"SLFVierge\" width=\"691\" height=\"921\" class=\"aligncenter size-full wp-image-4542\" srcset=\"https:\/\/blogdemarion.fr\/wp-content\/uploads\/2018\/06\/SLFVierge.jpg 691w, https:\/\/blogdemarion.fr\/wp-content\/uploads\/2018\/06\/SLFVierge-225x300.jpg 225w\" sizes=\"auto, (max-width: 691px) 100vw, 691px\" \/><\/a><\/p>\n<p>Nous ferons vite demi-tour assaillis par les moustiques, le sentier jonch\u00e9 de goyaviers en putr\u00e9faction; pour nous rendre un peu plus loin sur la c\u00f4te au Dos de Baleine.<\/p>\n<p><iframe loading=\"lazy\" src=\"https:\/\/www.google.com\/maps\/d\/embed?mid=1ljdeSNNGYE_wo-W0SfEjxQuv7jSviG5L\" width=\"100%\" height=\"400\" style=\"border:none\"><\/iframe><\/p>\n<p><a href=\"https:\/\/blogdemarion.fr\/tracesGPS\/Le_Tremblet_Petit_Tour.gpx\">T\u00e9lechargez le fichier GPX<\/a><\/p>\n<p>Ici aussi, c&rsquo;est toujours le pays de vacoas<br \/>\n<a href=\"https:\/\/blogdemarion.fr\/?attachment_id=4543\" rel=\"attachment wp-att-4543\"><img loading=\"lazy\" decoding=\"async\" src=\"https:\/\/blogdemarion.fr\/wp-content\/uploads\/2018\/06\/SLForetVacoas.jpg\" alt=\"SLForetVacoas\" width=\"921\" height=\"691\" class=\"aligncenter size-full wp-image-4543\" srcset=\"https:\/\/blogdemarion.fr\/wp-content\/uploads\/2018\/06\/SLForetVacoas.jpg 921w, https:\/\/blogdemarion.fr\/wp-content\/uploads\/2018\/06\/SLForetVacoas-300x225.jpg 300w, https:\/\/blogdemarion.fr\/wp-content\/uploads\/2018\/06\/SLForetVacoas-768x576.jpg 768w\" sizes=\"auto, (max-width: 921px) 100vw, 921px\" \/><\/a><\/p>\n<p>Nous partons en direction de la pointe de la table<br \/>\n<a href=\"https:\/\/blogdemarion.fr\/?attachment_id=4545\" rel=\"attachment wp-att-4545\"><img loading=\"lazy\" decoding=\"async\" src=\"https:\/\/blogdemarion.fr\/wp-content\/uploads\/2018\/06\/SLVueGene.jpg\" alt=\"SLVueGene\" width=\"921\" height=\"691\" class=\"aligncenter size-full wp-image-4545\" srcset=\"https:\/\/blogdemarion.fr\/wp-content\/uploads\/2018\/06\/SLVueGene.jpg 921w, https:\/\/blogdemarion.fr\/wp-content\/uploads\/2018\/06\/SLVueGene-300x225.jpg 300w, https:\/\/blogdemarion.fr\/wp-content\/uploads\/2018\/06\/SLVueGene-768x576.jpg 768w\" sizes=\"auto, (max-width: 921px) 100vw, 921px\" \/><\/a><\/p>\n<p>Berc\u00e9s par les vagues de l&rsquo;oc\u00e9an indien<br \/>\n<a href=\"https:\/\/blogdemarion.fr\/?attachment_id=4546\" rel=\"attachment wp-att-4546\"><img loading=\"lazy\" decoding=\"async\" src=\"https:\/\/blogdemarion.fr\/wp-content\/uploads\/2018\/06\/SLDosBaleine2.jpg\" alt=\"SLDosBaleine2\" width=\"921\" height=\"691\" class=\"aligncenter size-full wp-image-4546\" srcset=\"https:\/\/blogdemarion.fr\/wp-content\/uploads\/2018\/06\/SLDosBaleine2.jpg 921w, https:\/\/blogdemarion.fr\/wp-content\/uploads\/2018\/06\/SLDosBaleine2-300x225.jpg 300w, https:\/\/blogdemarion.fr\/wp-content\/uploads\/2018\/06\/SLDosBaleine2-768x576.jpg 768w\" sizes=\"auto, (max-width: 921px) 100vw, 921px\" \/><\/a><\/p>\n<p>Nous aurons m\u00eame la chance d&rsquo;apercevoir une baleine<br \/>\n<a href=\"https:\/\/blogdemarion.fr\/?attachment_id=4547\" rel=\"attachment wp-att-4547\"><img loading=\"lazy\" decoding=\"async\" src=\"https:\/\/blogdemarion.fr\/wp-content\/uploads\/2018\/06\/SLBaleine.jpg\" alt=\"SLBaleine\" width=\"921\" height=\"691\" class=\"aligncenter size-full wp-image-4547\" srcset=\"https:\/\/blogdemarion.fr\/wp-content\/uploads\/2018\/06\/SLBaleine.jpg 921w, https:\/\/blogdemarion.fr\/wp-content\/uploads\/2018\/06\/SLBaleine-300x225.jpg 300w, https:\/\/blogdemarion.fr\/wp-content\/uploads\/2018\/06\/SLBaleine-768x576.jpg 768w\" sizes=\"auto, (max-width: 921px) 100vw, 921px\" \/><\/a><\/p>\n<p>Un sentier de d\u00e9couverte nous rappelle qu&rsquo;ici, c&rsquo;est le volcan qui fait la loi<br \/>\n<a href=\"https:\/\/blogdemarion.fr\/?attachment_id=4548\" rel=\"attachment wp-att-4548\"><img loading=\"lazy\" decoding=\"async\" src=\"https:\/\/blogdemarion.fr\/wp-content\/uploads\/2018\/06\/SLSentierDec.jpg\" alt=\"SLSentierDec\" width=\"921\" height=\"691\" class=\"aligncenter size-full wp-image-4548\" srcset=\"https:\/\/blogdemarion.fr\/wp-content\/uploads\/2018\/06\/SLSentierDec.jpg 921w, https:\/\/blogdemarion.fr\/wp-content\/uploads\/2018\/06\/SLSentierDec-300x225.jpg 300w, https:\/\/blogdemarion.fr\/wp-content\/uploads\/2018\/06\/SLSentierDec-768x576.jpg 768w\" sizes=\"auto, (max-width: 921px) 100vw, 921px\" \/><\/a><\/p>\n<p>M\u00eame si la v\u00e9g\u00e9tation r\u00e9ussit \u00e0 reprendre le dessus<br \/>\n<a href=\"https:\/\/blogdemarion.fr\/?attachment_id=4549\" rel=\"attachment wp-att-4549\"><img loading=\"lazy\" decoding=\"async\" src=\"https:\/\/blogdemarion.fr\/wp-content\/uploads\/2018\/06\/SLFougereLave.jpg\" alt=\"SLFoug\u00e8reLave\" width=\"921\" height=\"691\" class=\"aligncenter size-full wp-image-4549\"><\/a><\/p>\n<p>En s&rsquo;\u00e9coulant jusqu&rsquo;\u00e0 la mer, la lave a form\u00e9 de noires falaises, sortes de plate-formes de magma s\u00e9ch\u00e9<br \/>\n<a href=\"https:\/\/blogdemarion.fr\/?attachment_id=4550\" rel=\"attachment wp-att-4550\"><img loading=\"lazy\" decoding=\"async\" src=\"https:\/\/blogdemarion.fr\/wp-content\/uploads\/2018\/06\/SLPlateau.jpg\" alt=\"SLPlateau\" width=\"921\" height=\"691\" class=\"aligncenter size-full wp-image-4550\" srcset=\"https:\/\/blogdemarion.fr\/wp-content\/uploads\/2018\/06\/SLPlateau.jpg 921w, https:\/\/blogdemarion.fr\/wp-content\/uploads\/2018\/06\/SLPlateau-300x225.jpg 300w, https:\/\/blogdemarion.fr\/wp-content\/uploads\/2018\/06\/SLPlateau-768x576.jpg 768w\" sizes=\"auto, (max-width: 921px) 100vw, 921px\" \/><\/a><\/p>\n<p>Nous cheminerons un peu sur ce littoral<br \/>\n<a href=\"https:\/\/blogdemarion.fr\/?attachment_id=4553\" rel=\"attachment wp-att-4553\"><img loading=\"lazy\" decoding=\"async\" src=\"https:\/\/blogdemarion.fr\/wp-content\/uploads\/2018\/06\/SLDosBaleineS.jpg\" alt=\"SLDosBaleineS\" width=\"691\" height=\"921\" class=\"aligncenter size-full wp-image-4553\" srcset=\"https:\/\/blogdemarion.fr\/wp-content\/uploads\/2018\/06\/SLDosBaleineS.jpg 691w, https:\/\/blogdemarion.fr\/wp-content\/uploads\/2018\/06\/SLDosBaleineS-225x300.jpg 225w\" sizes=\"auto, (max-width: 691px) 100vw, 691px\" \/><\/a><\/p>\n<p>Avant de prendre le chemin du retour<br \/>\n<a href=\"https:\/\/blogdemarion.fr\/?attachment_id=4552\" rel=\"attachment wp-att-4552\"><img loading=\"lazy\" decoding=\"async\" src=\"https:\/\/blogdemarion.fr\/wp-content\/uploads\/2018\/06\/SLDosBaleine.jpg\" alt=\"SLDosBaleine\" width=\"921\" height=\"691\" class=\"aligncenter size-full wp-image-4552\" srcset=\"https:\/\/blogdemarion.fr\/wp-content\/uploads\/2018\/06\/SLDosBaleine.jpg 921w, https:\/\/blogdemarion.fr\/wp-content\/uploads\/2018\/06\/SLDosBaleine-300x225.jpg 300w, https:\/\/blogdemarion.fr\/wp-content\/uploads\/2018\/06\/SLDosBaleine-768x576.jpg 768w\" sizes=\"auto, (max-width: 921px) 100vw, 921px\" \/><\/a><\/p>\n<p><iframe loading=\"lazy\" src=\"https:\/\/www.google.com\/maps\/d\/embed?mid=1PEz6MZVmBU4PUCgsC04xevqeuwYzc0cn\" width=\"100%\" height=\"400\" style=\"border:none\"><\/iframe><\/p>\n<p><a href=\"https:\/\/blogdemarion.fr\/tracesGPS\/Dos_De_Baleine-Decouverte_Lave.gpx\">T\u00e9lechargez le fichier GPX<\/a><\/p>\n","protected":false},"excerpt":{"rendered":"<p>La R\u00e9union : Sentier du littoral de Saint Philippe au Tremblet (extraits) Aujourd&rsquo;hui, nous avons mis le cap sur la partie la moins habit\u00e9e de l&rsquo;\u00eele, le Sud-Est et d\u00e9butons au quai de sel Ici, les vacoas sont rois, avec leur fruit : le Pimpin Nous descendons jusqu&rsquo;\u00e0 la surprenante plage de sable noir, \u00e0 &hellip; <a href=\"https:\/\/blogdemarion.fr\/?p=4519\">Continue reading <span class=\"meta-nav\">&rarr;<\/span><\/a><\/p>\n","protected":false},"author":3,"featured_media":0,"comment_status":"open","ping_status":"open","sticky":false,"template":"","format":"standard","meta":{"footnotes":""},"categories":[17],"tags":[],"class_list":["post-4519","post","type-post","status-publish","format-standard","hentry","category-randonnees"],"_links":{"self":[{"href":"https:\/\/blogdemarion.fr\/index.php?rest_route=\/wp\/v2\/posts\/4519","targetHints":{"allow":["GET"]}}],"collection":[{"href":"https:\/\/blogdemarion.fr\/index.php?rest_route=\/wp\/v2\/posts"}],"about":[{"href":"https:\/\/blogdemarion.fr\/index.php?rest_route=\/wp\/v2\/types\/post"}],"author":[{"embeddable":true,"href":"https:\/\/blogdemarion.fr\/index.php?rest_route=\/wp\/v2\/users\/3"}],"replies":[{"embeddable":true,"href":"https:\/\/blogdemarion.fr\/index.php?rest_route=%2Fwp%2Fv2%2Fcomments&post=4519"}],"version-history":[{"count":8,"href":"https:\/\/blogdemarion.fr\/index.php?rest_route=\/wp\/v2\/posts\/4519\/revisions"}],"predecessor-version":[{"id":7766,"href":"https:\/\/blogdemarion.fr\/index.php?rest_route=\/wp\/v2\/posts\/4519\/revisions\/7766"}],"wp:attachment":[{"href":"https:\/\/blogdemarion.fr\/index.php?rest_route=%2Fwp%2Fv2%2Fmedia&parent=4519"}],"wp:term":[{"taxonomy":"category","embeddable":true,"href":"https:\/\/blogdemarion.fr\/index.php?rest_route=%2Fwp%2Fv2%2Fcategories&post=4519"},{"taxonomy":"post_tag","embeddable":true,"href":"https:\/\/blogdemarion.fr\/index.php?rest_route=%2Fwp%2Fv2%2Ftags&post=4519"}],"curies":[{"name":"wp","href":"https:\/\/api.w.org\/{rel}","templated":true}]}}