{"id":3923,"date":"2017-11-14T20:07:43","date_gmt":"2017-11-14T19:07:43","guid":{"rendered":"http:\/\/blogdemarion.fr\/?p=3923"},"modified":"2017-11-17T21:26:06","modified_gmt":"2017-11-17T20:26:06","slug":"maures-cap-gros","status":"publish","type":"post","link":"https:\/\/blogdemarion.fr\/?p=3923","title":{"rendered":"Maures : Cap Gros ou Baou des 4 Auros"},"content":{"rendered":"<p><strong>Maures : Cap Gros ou Baou des 4 Auros<\/strong><br \/>\nAujourd&rsquo;hui le vent s&rsquo;est calm\u00e9. Nous en profitons pour partir \u00e0 l&rsquo;assaut des sommets !<\/p>\n<p>Nous d\u00e9marrons dans la garrigue, au dessus de Ch\u00e2teau Vallon. Tellement port\u00e9s par les odeurs et les couleurs, nous montons, montons&#8230; et ratons une bifurcation ! Mais nous sommes largement r\u00e9compens\u00e9s par notre premi\u00e8re vue de la rade de Toulon<br \/>\n<a href=\"https:\/\/blogdemarion.fr\/?attachment_id=3939\" rel=\"attachment wp-att-3939\"><img loading=\"lazy\" decoding=\"async\" src=\"https:\/\/blogdemarion.fr\/wp-content\/uploads\/2017\/11\/G_Garrigue.jpg\" alt=\"G_Garrigue\" width=\"921\" height=\"691\" class=\"aligncenter size-full wp-image-3939\" srcset=\"https:\/\/blogdemarion.fr\/wp-content\/uploads\/2017\/11\/G_Garrigue.jpg 921w, https:\/\/blogdemarion.fr\/wp-content\/uploads\/2017\/11\/G_Garrigue-300x225.jpg 300w, https:\/\/blogdemarion.fr\/wp-content\/uploads\/2017\/11\/G_Garrigue-768x576.jpg 768w\" sizes=\"auto, (max-width: 921px) 100vw, 921px\" \/><\/a><\/p>\n<p>Petit retour arri\u00e8re pour ne pas manquer le point de vue sur le Ch\u00e2teau du Diable<br \/>\n<a href=\"https:\/\/blogdemarion.fr\/?attachment_id=3940\" rel=\"attachment wp-att-3940\"><img loading=\"lazy\" decoding=\"async\" src=\"https:\/\/blogdemarion.fr\/wp-content\/uploads\/2017\/11\/G_ChateauDiable.jpg\" alt=\"G_ChateauDiable\" width=\"921\" height=\"691\" class=\"aligncenter size-full wp-image-3940\" srcset=\"https:\/\/blogdemarion.fr\/wp-content\/uploads\/2017\/11\/G_ChateauDiable.jpg 921w, https:\/\/blogdemarion.fr\/wp-content\/uploads\/2017\/11\/G_ChateauDiable-300x225.jpg 300w, https:\/\/blogdemarion.fr\/wp-content\/uploads\/2017\/11\/G_ChateauDiable-768x576.jpg 768w\" sizes=\"auto, (max-width: 921px) 100vw, 921px\" \/><\/a><\/p>\n<p>Pose d\u00e9jeuner face \u00e0 la rade, avant de poursuivre sur l&rsquo;autre flanc de la montagne et apercevoir le gros cerveau au loin<br \/>\n<a href=\"https:\/\/blogdemarion.fr\/?attachment_id=3941\" rel=\"attachment wp-att-3941\"><img loading=\"lazy\" decoding=\"async\" src=\"https:\/\/blogdemarion.fr\/wp-content\/uploads\/2017\/11\/G_GrosCerveau.jpg\" alt=\"G_GrosCerveau\" width=\"921\" height=\"691\" class=\"aligncenter size-full wp-image-3941\" srcset=\"https:\/\/blogdemarion.fr\/wp-content\/uploads\/2017\/11\/G_GrosCerveau.jpg 921w, https:\/\/blogdemarion.fr\/wp-content\/uploads\/2017\/11\/G_GrosCerveau-300x225.jpg 300w, https:\/\/blogdemarion.fr\/wp-content\/uploads\/2017\/11\/G_GrosCerveau-768x576.jpg 768w\" sizes=\"auto, (max-width: 921px) 100vw, 921px\" \/><\/a><\/p>\n<p>Apr\u00e8s une partie plut\u00f4t plate, la mont\u00e9e reprend pour atteindre le Cap Gros o\u00f9 la vue est \u00e0 couper le souffle : merveilleux 360\u00b0<br \/>\n<a href=\"https:\/\/blogdemarion.fr\/?attachment_id=3942\" rel=\"attachment wp-att-3942\"><img loading=\"lazy\" decoding=\"async\" src=\"https:\/\/blogdemarion.fr\/wp-content\/uploads\/2017\/11\/G_Pano1.jpg\" alt=\"G_Pano1\" width=\"921\" height=\"218\" class=\"aligncenter size-full wp-image-3942\" srcset=\"https:\/\/blogdemarion.fr\/wp-content\/uploads\/2017\/11\/G_Pano1.jpg 921w, https:\/\/blogdemarion.fr\/wp-content\/uploads\/2017\/11\/G_Pano1-300x71.jpg 300w, https:\/\/blogdemarion.fr\/wp-content\/uploads\/2017\/11\/G_Pano1-768x182.jpg 768w\" sizes=\"auto, (max-width: 921px) 100vw, 921px\" \/><\/a><br \/>\n<a href=\"https:\/\/blogdemarion.fr\/?attachment_id=3945\" rel=\"attachment wp-att-3945\"><img loading=\"lazy\" decoding=\"async\" src=\"https:\/\/blogdemarion.fr\/wp-content\/uploads\/2017\/11\/G_Pano3.jpg\" alt=\"G_Pano3\" width=\"921\" height=\"274\" class=\"aligncenter size-full wp-image-3945\" srcset=\"https:\/\/blogdemarion.fr\/wp-content\/uploads\/2017\/11\/G_Pano3.jpg 921w, https:\/\/blogdemarion.fr\/wp-content\/uploads\/2017\/11\/G_Pano3-300x89.jpg 300w, https:\/\/blogdemarion.fr\/wp-content\/uploads\/2017\/11\/G_Pano3-768x228.jpg 768w\" sizes=\"auto, (max-width: 921px) 100vw, 921px\" \/><\/a><br \/>\n<a href=\"https:\/\/blogdemarion.fr\/?attachment_id=3943\" rel=\"attachment wp-att-3943\"><img loading=\"lazy\" decoding=\"async\" src=\"https:\/\/blogdemarion.fr\/wp-content\/uploads\/2017\/11\/G_Pano2.jpg\" alt=\"G_Pano2\" width=\"921\" height=\"208\" class=\"aligncenter size-full wp-image-3943\" srcset=\"https:\/\/blogdemarion.fr\/wp-content\/uploads\/2017\/11\/G_Pano2.jpg 921w, https:\/\/blogdemarion.fr\/wp-content\/uploads\/2017\/11\/G_Pano2-300x68.jpg 300w, https:\/\/blogdemarion.fr\/wp-content\/uploads\/2017\/11\/G_Pano2-768x173.jpg 768w\" sizes=\"auto, (max-width: 921px) 100vw, 921px\" \/><\/a><\/p>\n<p>Un dernier regard sur la rade avant de prendre le chemin de la descente par le tr\u00e8s joli vallon des Bagnards.<br \/>\n<a href=\"https:\/\/blogdemarion.fr\/?attachment_id=3949\" rel=\"attachment wp-att-3949\"><img loading=\"lazy\" decoding=\"async\" src=\"https:\/\/blogdemarion.fr\/wp-content\/uploads\/2017\/11\/G_ToulonSommet.jpg\" alt=\"G_ToulonSommet\" width=\"921\" height=\"691\" class=\"aligncenter size-full wp-image-3949\" srcset=\"https:\/\/blogdemarion.fr\/wp-content\/uploads\/2017\/11\/G_ToulonSommet.jpg 921w, https:\/\/blogdemarion.fr\/wp-content\/uploads\/2017\/11\/G_ToulonSommet-300x225.jpg 300w, https:\/\/blogdemarion.fr\/wp-content\/uploads\/2017\/11\/G_ToulonSommet-768x576.jpg 768w\" sizes=\"auto, (max-width: 921px) 100vw, 921px\" \/><\/a><\/p>\n<p>La descente est un peu rude mais vite oubli\u00e9e tant la vue sur Toulon est splendide.<br \/>\n<a href=\"https:\/\/blogdemarion.fr\/?attachment_id=3948\" rel=\"attachment wp-att-3948\"><img loading=\"lazy\" decoding=\"async\" src=\"https:\/\/blogdemarion.fr\/wp-content\/uploads\/2017\/11\/G_ToulonDescente.jpg\" alt=\"G_ToulonDescente\" width=\"921\" height=\"691\" class=\"aligncenter size-full wp-image-3948\" srcset=\"https:\/\/blogdemarion.fr\/wp-content\/uploads\/2017\/11\/G_ToulonDescente.jpg 921w, https:\/\/blogdemarion.fr\/wp-content\/uploads\/2017\/11\/G_ToulonDescente-300x225.jpg 300w, https:\/\/blogdemarion.fr\/wp-content\/uploads\/2017\/11\/G_ToulonDescente-768x576.jpg 768w\" sizes=\"auto, (max-width: 921px) 100vw, 921px\" \/><\/a><\/p>\n<p>Bref, un grand rendez vous pour les espions qui souhaitent surveiller la rade de Toulon !<\/p>\n<p><iframe loading=\"lazy\" src=\"https:\/\/www.google.com\/maps\/d\/embed?mid=1q0NlO6tQVh_cG9SWf6PYAM82hvloFO5I\" width=\"100%\" height=\"400\" style=\"border:none\"><\/iframe><\/p>\n<p><a href=\"https:\/\/blogdemarion.fr\/tracesGPS\/Cap_Gros.gpx\">T\u00e9lechargez le fichier GPX<\/a><\/p>\n","protected":false},"excerpt":{"rendered":"<p>Maures : Cap Gros ou Baou des 4 Auros Aujourd&rsquo;hui le vent s&rsquo;est calm\u00e9. Nous en profitons pour partir \u00e0 l&rsquo;assaut des sommets ! Nous d\u00e9marrons dans la garrigue, au dessus de Ch\u00e2teau Vallon. Tellement port\u00e9s par les odeurs et les couleurs, nous montons, montons&#8230; et ratons une bifurcation ! Mais nous sommes largement r\u00e9compens\u00e9s &hellip; <a href=\"https:\/\/blogdemarion.fr\/?p=3923\">Continue reading <span class=\"meta-nav\">&rarr;<\/span><\/a><\/p>\n","protected":false},"author":3,"featured_media":0,"comment_status":"open","ping_status":"open","sticky":false,"template":"","format":"standard","meta":{"footnotes":""},"categories":[17],"tags":[],"class_list":["post-3923","post","type-post","status-publish","format-standard","hentry","category-randonnees"],"_links":{"self":[{"href":"https:\/\/blogdemarion.fr\/index.php?rest_route=\/wp\/v2\/posts\/3923","targetHints":{"allow":["GET"]}}],"collection":[{"href":"https:\/\/blogdemarion.fr\/index.php?rest_route=\/wp\/v2\/posts"}],"about":[{"href":"https:\/\/blogdemarion.fr\/index.php?rest_route=\/wp\/v2\/types\/post"}],"author":[{"embeddable":true,"href":"https:\/\/blogdemarion.fr\/index.php?rest_route=\/wp\/v2\/users\/3"}],"replies":[{"embeddable":true,"href":"https:\/\/blogdemarion.fr\/index.php?rest_route=%2Fwp%2Fv2%2Fcomments&post=3923"}],"version-history":[{"count":9,"href":"https:\/\/blogdemarion.fr\/index.php?rest_route=\/wp\/v2\/posts\/3923\/revisions"}],"predecessor-version":[{"id":3953,"href":"https:\/\/blogdemarion.fr\/index.php?rest_route=\/wp\/v2\/posts\/3923\/revisions\/3953"}],"wp:attachment":[{"href":"https:\/\/blogdemarion.fr\/index.php?rest_route=%2Fwp%2Fv2%2Fmedia&parent=3923"}],"wp:term":[{"taxonomy":"category","embeddable":true,"href":"https:\/\/blogdemarion.fr\/index.php?rest_route=%2Fwp%2Fv2%2Fcategories&post=3923"},{"taxonomy":"post_tag","embeddable":true,"href":"https:\/\/blogdemarion.fr\/index.php?rest_route=%2Fwp%2Fv2%2Ftags&post=3923"}],"curies":[{"name":"wp","href":"https:\/\/api.w.org\/{rel}","templated":true}]}}