{"id":3516,"date":"2017-05-22T19:46:28","date_gmt":"2017-05-22T18:46:28","guid":{"rendered":"http:\/\/blogdemarion.fr\/?p=3516"},"modified":"2017-05-31T19:55:09","modified_gmt":"2017-05-31T18:55:09","slug":"journee-royale","status":"publish","type":"post","link":"https:\/\/blogdemarion.fr\/?p=3516","title":{"rendered":"Journ\u00e9e royale"},"content":{"rendered":"<p>Nous commen\u00e7ons la journ\u00e9e au jardin botanique en attendant l&rsquo;ouverture de Rosenborg.<br \/>\n<a href=\"https:\/\/blogdemarion.fr\/?attachment_id=3528\" rel=\"attachment wp-att-3528\"><img loading=\"lazy\" decoding=\"async\" src=\"https:\/\/blogdemarion.fr\/wp-content\/uploads\/2017\/05\/JardinBotanique2.jpg\" alt=\"JardinBotanique2\" width=\"921\" height=\"691\" class=\"aligncenter size-full wp-image-3528\" srcset=\"https:\/\/blogdemarion.fr\/wp-content\/uploads\/2017\/05\/JardinBotanique2.jpg 921w, https:\/\/blogdemarion.fr\/wp-content\/uploads\/2017\/05\/JardinBotanique2-300x225.jpg 300w, https:\/\/blogdemarion.fr\/wp-content\/uploads\/2017\/05\/JardinBotanique2-768x576.jpg 768w\" sizes=\"auto, (max-width: 921px) 100vw, 921px\" \/><\/a><br \/>\nLe jardin est magnifiquement fleuri d&rsquo;azal\u00e9es <a href=\"https:\/\/blogdemarion.fr\/?attachment_id=3527\" rel=\"attachment wp-att-3527\"><img loading=\"lazy\" decoding=\"async\" src=\"https:\/\/blogdemarion.fr\/wp-content\/uploads\/2017\/05\/JardinBotanique.jpg\" alt=\"JardinBotanique\" width=\"691\" height=\"921\" class=\"aligncenter size-full wp-image-3527\" srcset=\"https:\/\/blogdemarion.fr\/wp-content\/uploads\/2017\/05\/JardinBotanique.jpg 691w, https:\/\/blogdemarion.fr\/wp-content\/uploads\/2017\/05\/JardinBotanique-225x300.jpg 225w\" sizes=\"auto, (max-width: 691px) 100vw, 691px\" \/><\/a><br \/>\net la grande serre tropicale aussi belle \u00e0 l\u2019ext\u00e9rieur qu&rsquo;\u00e0 l&rsquo;int\u00e9rieur (o\u00f9 il fait une bonne trentaine de degr\u00e9s). Un judicieux escalier en colima\u00e7on nous permet m\u00eame de voir les plantes d&rsquo;en haut, \u00e0 quelques m\u00e8tres du sommet de la verri\u00e8re mais il faut faire vite car l&rsquo;humidit\u00e9 ambiante a t\u00f4t fait d&rsquo;obstruer nos lunettes et autres objectifs.<a href=\"https:\/\/blogdemarion.fr\/?attachment_id=3529\" rel=\"attachment wp-att-3529\"><img loading=\"lazy\" decoding=\"async\" src=\"https:\/\/blogdemarion.fr\/wp-content\/uploads\/2017\/05\/JardinBotanique3.jpg\" alt=\"JardinBotanique3\" width=\"921\" height=\"691\" class=\"aligncenter size-full wp-image-3529\" srcset=\"https:\/\/blogdemarion.fr\/wp-content\/uploads\/2017\/05\/JardinBotanique3.jpg 921w, https:\/\/blogdemarion.fr\/wp-content\/uploads\/2017\/05\/JardinBotanique3-300x225.jpg 300w, https:\/\/blogdemarion.fr\/wp-content\/uploads\/2017\/05\/JardinBotanique3-768x576.jpg 768w\" sizes=\"auto, (max-width: 921px) 100vw, 921px\" \/><\/a><br \/>\nPuis nous mettons le cap sur Rosenborg<a href=\"https:\/\/blogdemarion.fr\/?attachment_id=3532\" rel=\"attachment wp-att-3532\"><img loading=\"lazy\" decoding=\"async\" src=\"https:\/\/blogdemarion.fr\/wp-content\/uploads\/2017\/05\/CPHRosenborg.jpg\" alt=\"CPHRosenborg\" width=\"921\" height=\"691\" class=\"aligncenter size-full wp-image-3532\" srcset=\"https:\/\/blogdemarion.fr\/wp-content\/uploads\/2017\/05\/CPHRosenborg.jpg 921w, https:\/\/blogdemarion.fr\/wp-content\/uploads\/2017\/05\/CPHRosenborg-300x225.jpg 300w, https:\/\/blogdemarion.fr\/wp-content\/uploads\/2017\/05\/CPHRosenborg-768x576.jpg 768w\" sizes=\"auto, (max-width: 921px) 100vw, 921px\" \/><\/a><br \/>\nCh\u00e2teau un peu trop rococo pour nous mais chacun ses go\u00fbts (tout le monde ne peut pas s&rsquo;offrir un lion en argent pour garder son tr\u00f4ne !). <a href=\"https:\/\/blogdemarion.fr\/?attachment_id=3525\" rel=\"attachment wp-att-3525\"><img loading=\"lazy\" decoding=\"async\" src=\"https:\/\/blogdemarion.fr\/wp-content\/uploads\/2017\/05\/CPHLion.jpg\" alt=\"CPHLion\" width=\"921\" height=\"691\" class=\"aligncenter size-full wp-image-3525\" srcset=\"https:\/\/blogdemarion.fr\/wp-content\/uploads\/2017\/05\/CPHLion.jpg 921w, https:\/\/blogdemarion.fr\/wp-content\/uploads\/2017\/05\/CPHLion-300x225.jpg 300w, https:\/\/blogdemarion.fr\/wp-content\/uploads\/2017\/05\/CPHLion-768x576.jpg 768w\" sizes=\"auto, (max-width: 921px) 100vw, 921px\" \/><\/a><br \/>\nUn gigantesque lustre en ambre nous rappelle que celui-ci a toujours \u00e9t\u00e9 recherch\u00e9 ici, comme sur tout le pourtour de la mer Baltique.<a href=\"https:\/\/blogdemarion.fr\/?attachment_id=3524\" rel=\"attachment wp-att-3524\"><img loading=\"lazy\" decoding=\"async\" src=\"https:\/\/blogdemarion.fr\/wp-content\/uploads\/2017\/05\/CPHAmbre.jpg\" alt=\"CPHAmbre\" width=\"691\" height=\"921\" class=\"aligncenter size-full wp-image-3524\" srcset=\"https:\/\/blogdemarion.fr\/wp-content\/uploads\/2017\/05\/CPHAmbre.jpg 691w, https:\/\/blogdemarion.fr\/wp-content\/uploads\/2017\/05\/CPHAmbre-225x300.jpg 225w\" sizes=\"auto, (max-width: 691px) 100vw, 691px\" \/><\/a><br \/>\nNous poursuivons notre journ\u00e9e royale avec une petite rencontre avec la garde. Assez dr\u00f4le dans leurs uniformes bleus et leurs toques en poil d&rsquo;ours, on dirait des petits soldats de plomb !<a href=\"https:\/\/blogdemarion.fr\/?attachment_id=3526\" rel=\"attachment wp-att-3526\"><img loading=\"lazy\" decoding=\"async\" src=\"https:\/\/blogdemarion.fr\/wp-content\/uploads\/2017\/05\/CPHSoldat.jpg\" alt=\"CPHSoldat\" width=\"921\" height=\"691\" class=\"aligncenter size-full wp-image-3526\" srcset=\"https:\/\/blogdemarion.fr\/wp-content\/uploads\/2017\/05\/CPHSoldat.jpg 921w, https:\/\/blogdemarion.fr\/wp-content\/uploads\/2017\/05\/CPHSoldat-300x225.jpg 300w, https:\/\/blogdemarion.fr\/wp-content\/uploads\/2017\/05\/CPHSoldat-768x576.jpg 768w\" sizes=\"auto, (max-width: 921px) 100vw, 921px\" \/><\/a><br \/>\nApr\u00e8s avoir d\u00e9jeun\u00e9 sur un bastion du kastellet <a href=\"https:\/\/blogdemarion.fr\/?attachment_id=3535\" rel=\"attachment wp-att-3535\"><img loading=\"lazy\" decoding=\"async\" src=\"https:\/\/blogdemarion.fr\/wp-content\/uploads\/2017\/05\/CPHBastion.jpg\" alt=\"CPHBastion\" width=\"921\" height=\"691\" class=\"aligncenter size-full wp-image-3535\" srcset=\"https:\/\/blogdemarion.fr\/wp-content\/uploads\/2017\/05\/CPHBastion.jpg 921w, https:\/\/blogdemarion.fr\/wp-content\/uploads\/2017\/05\/CPHBastion-300x225.jpg 300w, https:\/\/blogdemarion.fr\/wp-content\/uploads\/2017\/05\/CPHBastion-768x576.jpg 768w\" sizes=\"auto, (max-width: 921px) 100vw, 921px\" \/><\/a><br \/>\no\u00f9 nous constatons que toutes les astuces sont permises pour parvenir \u00e0 tondre les douves (chenillard t\u00e9l\u00e9command\u00e9, tondeuse treuill\u00e9e, ), nous allons saluer la petite sir\u00e8ne.<a href=\"https:\/\/blogdemarion.fr\/?attachment_id=3537\" rel=\"attachment wp-att-3537\"><img loading=\"lazy\" decoding=\"async\" src=\"https:\/\/blogdemarion.fr\/wp-content\/uploads\/2017\/05\/CPHSirene.jpg\" alt=\"CPHSirene\" width=\"691\" height=\"921\" class=\"aligncenter size-full wp-image-3537\" srcset=\"https:\/\/blogdemarion.fr\/wp-content\/uploads\/2017\/05\/CPHSirene.jpg 691w, https:\/\/blogdemarion.fr\/wp-content\/uploads\/2017\/05\/CPHSirene-225x300.jpg 225w\" sizes=\"auto, (max-width: 691px) 100vw, 691px\" \/><\/a><br \/>\nEt pour ceux qui ne la connaisse pas, elle est vraiment petite !<br \/>\nNous avions aussi pr\u00e9vu de rendre visite \u00e0 la reine Margrethe II mais nous n&rsquo;avons vu que sa maison, Amalienborg. <a href=\"https:\/\/blogdemarion.fr\/?attachment_id=3534\" rel=\"attachment wp-att-3534\"><img loading=\"lazy\" decoding=\"async\" src=\"https:\/\/blogdemarion.fr\/wp-content\/uploads\/2017\/05\/CPHAmalienborg.jpg\" alt=\"CPHAmalienborg\" width=\"691\" height=\"921\" class=\"aligncenter size-full wp-image-3534\" srcset=\"https:\/\/blogdemarion.fr\/wp-content\/uploads\/2017\/05\/CPHAmalienborg.jpg 691w, https:\/\/blogdemarion.fr\/wp-content\/uploads\/2017\/05\/CPHAmalienborg-225x300.jpg 225w\" sizes=\"auto, (max-width: 691px) 100vw, 691px\" \/><\/a><br \/>\nParmi les ragots entendus sur la place, il para\u00eetrait que l\u2019op\u00e9ra repr\u00e9sente la reine avec son chapeau !<a href=\"https:\/\/blogdemarion.fr\/?attachment_id=3536\" rel=\"attachment wp-att-3536\"><img loading=\"lazy\" decoding=\"async\" src=\"https:\/\/blogdemarion.fr\/wp-content\/uploads\/2017\/05\/CPHOpera.jpg\" alt=\"CPHOpera\" width=\"921\" height=\"691\" class=\"aligncenter size-full wp-image-3536\" srcset=\"https:\/\/blogdemarion.fr\/wp-content\/uploads\/2017\/05\/CPHOpera.jpg 921w, https:\/\/blogdemarion.fr\/wp-content\/uploads\/2017\/05\/CPHOpera-300x225.jpg 300w, https:\/\/blogdemarion.fr\/wp-content\/uploads\/2017\/05\/CPHOpera-768x576.jpg 768w\" sizes=\"auto, (max-width: 921px) 100vw, 921px\" \/><\/a><br \/>\nBien beau b\u00e2timent au demeurant.<br \/>\nRevenus \u00e0 l\u2019h\u00f4tel de ville, <a href=\"https:\/\/blogdemarion.fr\/?attachment_id=3539\" rel=\"attachment wp-att-3539\"><img loading=\"lazy\" decoding=\"async\" src=\"https:\/\/blogdemarion.fr\/wp-content\/uploads\/2017\/05\/CPHHotelVille.jpg\" alt=\"CPHHotelVille\" width=\"921\" height=\"691\" class=\"aligncenter size-full wp-image-3539\" srcset=\"https:\/\/blogdemarion.fr\/wp-content\/uploads\/2017\/05\/CPHHotelVille.jpg 921w, https:\/\/blogdemarion.fr\/wp-content\/uploads\/2017\/05\/CPHHotelVille-300x225.jpg 300w, https:\/\/blogdemarion.fr\/wp-content\/uploads\/2017\/05\/CPHHotelVille-768x576.jpg 768w\" sizes=\"auto, (max-width: 921px) 100vw, 921px\" \/><\/a><br \/>\nnous n&rsquo;avons pu succomber au plaisir de d\u00e9couvrir Tivoli, ce parc d&rsquo;attractions vieux de plus de 150 ans. Non, nous n&rsquo;avons rien test\u00e9 pour vous (m\u00eame si les bateaux \u00ab\u00a0tamponnants\u00a0\u00bb ont beaucoup plu \u00e0 Eric).<br \/>\nLe parc lui-m\u00eame, en ce moment tr\u00e8s joliment fleuri, est un r\u00e9gal pour les yeux sous ce soleil radieux : Sommes nous vraiment \u00e0 Copenhague?<br \/>\n<a href=\"https:\/\/blogdemarion.fr\/?attachment_id=3540\" rel=\"attachment wp-att-3540\"><img loading=\"lazy\" decoding=\"async\" src=\"https:\/\/blogdemarion.fr\/wp-content\/uploads\/2017\/05\/CPHTivoli.jpg\" alt=\"CPHTivoli\" width=\"921\" height=\"691\" class=\"aligncenter size-full wp-image-3540\" srcset=\"https:\/\/blogdemarion.fr\/wp-content\/uploads\/2017\/05\/CPHTivoli.jpg 921w, https:\/\/blogdemarion.fr\/wp-content\/uploads\/2017\/05\/CPHTivoli-300x225.jpg 300w, https:\/\/blogdemarion.fr\/wp-content\/uploads\/2017\/05\/CPHTivoli-768x576.jpg 768w\" sizes=\"auto, (max-width: 921px) 100vw, 921px\" \/><\/a><\/p>\n","protected":false},"excerpt":{"rendered":"<p>Nous commen\u00e7ons la journ\u00e9e au jardin botanique en attendant l&rsquo;ouverture de Rosenborg. Le jardin est magnifiquement fleuri d&rsquo;azal\u00e9es et la grande serre tropicale aussi belle \u00e0 l\u2019ext\u00e9rieur qu&rsquo;\u00e0 l&rsquo;int\u00e9rieur (o\u00f9 il fait une bonne trentaine de degr\u00e9s). Un judicieux escalier en colima\u00e7on nous permet m\u00eame de voir les plantes d&rsquo;en haut, \u00e0 quelques m\u00e8tres du &hellip; <a href=\"https:\/\/blogdemarion.fr\/?p=3516\">Continue reading <span class=\"meta-nav\">&rarr;<\/span><\/a><\/p>\n","protected":false},"author":3,"featured_media":0,"comment_status":"open","ping_status":"open","sticky":false,"template":"","format":"standard","meta":{"footnotes":""},"categories":[1],"tags":[],"class_list":["post-3516","post","type-post","status-publish","format-standard","hentry","category-non-classe"],"_links":{"self":[{"href":"https:\/\/blogdemarion.fr\/index.php?rest_route=\/wp\/v2\/posts\/3516","targetHints":{"allow":["GET"]}}],"collection":[{"href":"https:\/\/blogdemarion.fr\/index.php?rest_route=\/wp\/v2\/posts"}],"about":[{"href":"https:\/\/blogdemarion.fr\/index.php?rest_route=\/wp\/v2\/types\/post"}],"author":[{"embeddable":true,"href":"https:\/\/blogdemarion.fr\/index.php?rest_route=\/wp\/v2\/users\/3"}],"replies":[{"embeddable":true,"href":"https:\/\/blogdemarion.fr\/index.php?rest_route=%2Fwp%2Fv2%2Fcomments&post=3516"}],"version-history":[{"count":11,"href":"https:\/\/blogdemarion.fr\/index.php?rest_route=\/wp\/v2\/posts\/3516\/revisions"}],"predecessor-version":[{"id":3543,"href":"https:\/\/blogdemarion.fr\/index.php?rest_route=\/wp\/v2\/posts\/3516\/revisions\/3543"}],"wp:attachment":[{"href":"https:\/\/blogdemarion.fr\/index.php?rest_route=%2Fwp%2Fv2%2Fmedia&parent=3516"}],"wp:term":[{"taxonomy":"category","embeddable":true,"href":"https:\/\/blogdemarion.fr\/index.php?rest_route=%2Fwp%2Fv2%2Fcategories&post=3516"},{"taxonomy":"post_tag","embeddable":true,"href":"https:\/\/blogdemarion.fr\/index.php?rest_route=%2Fwp%2Fv2%2Ftags&post=3516"}],"curies":[{"name":"wp","href":"https:\/\/api.w.org\/{rel}","templated":true}]}}