{"id":3309,"date":"2017-04-17T16:18:54","date_gmt":"2017-04-17T15:18:54","guid":{"rendered":"http:\/\/blogdemarion.fr\/?p=3309"},"modified":"2020-06-08T12:15:51","modified_gmt":"2020-06-08T11:15:51","slug":"chartreuse-mont-quichat-mont-rachais","status":"publish","type":"post","link":"https:\/\/blogdemarion.fr\/?p=3309","title":{"rendered":"Chartreuse  : Mont Quichat &#8211; Mont Rachais"},"content":{"rendered":"<p><strong>Chartreuse  : Mont Quichat &#8211; Mont Rachais<\/strong><\/p>\n<p>Vue sur la vall\u00e9e de Quaix en Chartreuse<br \/>\n<a href=\"https:\/\/blogdemarion.fr\/?attachment_id=3306\" rel=\"attachment wp-att-3306\"><img loading=\"lazy\" decoding=\"async\" src=\"https:\/\/blogdemarion.fr\/wp-content\/uploads\/2017\/04\/QQuaix.jpg\" alt=\"QQuaix\" width=\"921\" height=\"691\" class=\"aligncenter size-full wp-image-3306\" srcset=\"https:\/\/blogdemarion.fr\/wp-content\/uploads\/2017\/04\/QQuaix.jpg 921w, https:\/\/blogdemarion.fr\/wp-content\/uploads\/2017\/04\/QQuaix-300x225.jpg 300w, https:\/\/blogdemarion.fr\/wp-content\/uploads\/2017\/04\/QQuaix-768x576.jpg 768w\" sizes=\"auto, (max-width: 921px) 100vw, 921px\" \/><\/a><\/p>\n<p>Belle ballade pour la cueillette du muguet, mais nous avons choisi de zoomer sur d&rsquo;autres fleurs<br \/>\n<a href=\"https:\/\/blogdemarion.fr\/?attachment_id=3305\" rel=\"attachment wp-att-3305\"><img loading=\"lazy\" decoding=\"async\" src=\"https:\/\/blogdemarion.fr\/wp-content\/uploads\/2017\/04\/QPissenlit.jpg\" alt=\"QPissenlit\" width=\"921\" height=\"691\" class=\"aligncenter size-full wp-image-3305\" srcset=\"https:\/\/blogdemarion.fr\/wp-content\/uploads\/2017\/04\/QPissenlit.jpg 921w, https:\/\/blogdemarion.fr\/wp-content\/uploads\/2017\/04\/QPissenlit-300x225.jpg 300w, https:\/\/blogdemarion.fr\/wp-content\/uploads\/2017\/04\/QPissenlit-768x576.jpg 768w\" sizes=\"auto, (max-width: 921px) 100vw, 921px\" \/><\/a><\/p>\n<p><a href=\"https:\/\/blogdemarion.fr\/?attachment_id=3304\" rel=\"attachment wp-att-3304\"><img loading=\"lazy\" decoding=\"async\" src=\"https:\/\/blogdemarion.fr\/wp-content\/uploads\/2017\/04\/QJacinthe.jpg\" alt=\"QJacinthe\" width=\"691\" height=\"921\" class=\"aligncenter size-full wp-image-3304\" srcset=\"https:\/\/blogdemarion.fr\/wp-content\/uploads\/2017\/04\/QJacinthe.jpg 691w, https:\/\/blogdemarion.fr\/wp-content\/uploads\/2017\/04\/QJacinthe-225x300.jpg 225w\" sizes=\"auto, (max-width: 691px) 100vw, 691px\" \/><\/a><\/p>\n<p>Vue magnifique sur la cha\u00eene de Belledone encore enneig\u00e9e<br \/>\n<a href=\"https:\/\/blogdemarion.fr\/?attachment_id=3302\" rel=\"attachment wp-att-3302\"><img loading=\"lazy\" decoding=\"async\" src=\"https:\/\/blogdemarion.fr\/wp-content\/uploads\/2017\/04\/QBelledone.jpg\" alt=\"QBelledone\" width=\"921\" height=\"691\" class=\"aligncenter size-full wp-image-3302\" srcset=\"https:\/\/blogdemarion.fr\/wp-content\/uploads\/2017\/04\/QBelledone.jpg 921w, https:\/\/blogdemarion.fr\/wp-content\/uploads\/2017\/04\/QBelledone-300x225.jpg 300w, https:\/\/blogdemarion.fr\/wp-content\/uploads\/2017\/04\/QBelledone-768x576.jpg 768w\" sizes=\"auto, (max-width: 921px) 100vw, 921px\" \/><\/a><\/p>\n<p>Perc\u00e9e sur le Vercors<br \/>\n<a href=\"https:\/\/blogdemarion.fr\/?attachment_id=3308\" rel=\"attachment wp-att-3308\"><img loading=\"lazy\" decoding=\"async\" src=\"https:\/\/blogdemarion.fr\/wp-content\/uploads\/2017\/04\/QVercors.jpg\" alt=\"QVercors\" width=\"921\" height=\"691\" class=\"aligncenter size-full wp-image-3308\" srcset=\"https:\/\/blogdemarion.fr\/wp-content\/uploads\/2017\/04\/QVercors.jpg 921w, https:\/\/blogdemarion.fr\/wp-content\/uploads\/2017\/04\/QVercors-300x225.jpg 300w, https:\/\/blogdemarion.fr\/wp-content\/uploads\/2017\/04\/QVercors-768x576.jpg 768w\" sizes=\"auto, (max-width: 921px) 100vw, 921px\" \/><\/a><\/p>\n<p>Surplomb de Grenoble en arrivant au Mont Rachais<br \/>\n<a href=\"https:\/\/blogdemarion.fr\/?attachment_id=3303\" rel=\"attachment wp-att-3303\"><img loading=\"lazy\" decoding=\"async\" src=\"https:\/\/blogdemarion.fr\/wp-content\/uploads\/2017\/04\/QGrenoble.jpg\" alt=\"QGrenoble\" width=\"921\" height=\"691\" class=\"aligncenter size-full wp-image-3303\" srcset=\"https:\/\/blogdemarion.fr\/wp-content\/uploads\/2017\/04\/QGrenoble.jpg 921w, https:\/\/blogdemarion.fr\/wp-content\/uploads\/2017\/04\/QGrenoble-300x225.jpg 300w, https:\/\/blogdemarion.fr\/wp-content\/uploads\/2017\/04\/QGrenoble-768x576.jpg 768w\" sizes=\"auto, (max-width: 921px) 100vw, 921px\" \/><\/a><\/p>\n<p>Avant de terminer par une longue vue sur la vall\u00e9e du Gr\u00e9sivaudan<br \/>\n<a href=\"https:\/\/blogdemarion.fr\/?attachment_id=3307\" rel=\"attachment wp-att-3307\"><img loading=\"lazy\" decoding=\"async\" src=\"https:\/\/blogdemarion.fr\/wp-content\/uploads\/2017\/04\/QValleeGr\u00e9sivaudan.jpg\" alt=\"QVall\u00e9eGr\u00e9sivaudan\" width=\"921\" height=\"691\" class=\"aligncenter size-full wp-image-3307\"><\/a><\/p>\n<p><iframe loading=\"lazy\" src=\"https:\/\/www.google.com\/maps\/d\/embed?mid=1z8It5k1etuEiBP3zL4uDKdz7sv8\" width=\"100%\" height=\"400\" style=\"border:none\"><\/iframe><\/p>\n<p><a href=\"https:\/\/blogdemarion.fr\/tracesGPS\/Quichat-Rachais.gpx\">T\u00e9lechargez le fichier GPX<\/a><\/p>\n","protected":false},"excerpt":{"rendered":"<p>Chartreuse : Mont Quichat &#8211; Mont Rachais Vue sur la vall\u00e9e de Quaix en Chartreuse Belle ballade pour la cueillette du muguet, mais nous avons choisi de zoomer sur d&rsquo;autres fleurs Vue magnifique sur la cha\u00eene de Belledone encore enneig\u00e9e Perc\u00e9e sur le Vercors Surplomb de Grenoble en arrivant au Mont Rachais Avant de terminer &hellip; <a href=\"https:\/\/blogdemarion.fr\/?p=3309\">Continue reading <span class=\"meta-nav\">&rarr;<\/span><\/a><\/p>\n","protected":false},"author":3,"featured_media":0,"comment_status":"open","ping_status":"open","sticky":false,"template":"","format":"standard","meta":{"footnotes":""},"categories":[17],"tags":[],"class_list":["post-3309","post","type-post","status-publish","format-standard","hentry","category-randonnees"],"_links":{"self":[{"href":"https:\/\/blogdemarion.fr\/index.php?rest_route=\/wp\/v2\/posts\/3309","targetHints":{"allow":["GET"]}}],"collection":[{"href":"https:\/\/blogdemarion.fr\/index.php?rest_route=\/wp\/v2\/posts"}],"about":[{"href":"https:\/\/blogdemarion.fr\/index.php?rest_route=\/wp\/v2\/types\/post"}],"author":[{"embeddable":true,"href":"https:\/\/blogdemarion.fr\/index.php?rest_route=\/wp\/v2\/users\/3"}],"replies":[{"embeddable":true,"href":"https:\/\/blogdemarion.fr\/index.php?rest_route=%2Fwp%2Fv2%2Fcomments&post=3309"}],"version-history":[{"count":4,"href":"https:\/\/blogdemarion.fr\/index.php?rest_route=\/wp\/v2\/posts\/3309\/revisions"}],"predecessor-version":[{"id":7752,"href":"https:\/\/blogdemarion.fr\/index.php?rest_route=\/wp\/v2\/posts\/3309\/revisions\/7752"}],"wp:attachment":[{"href":"https:\/\/blogdemarion.fr\/index.php?rest_route=%2Fwp%2Fv2%2Fmedia&parent=3309"}],"wp:term":[{"taxonomy":"category","embeddable":true,"href":"https:\/\/blogdemarion.fr\/index.php?rest_route=%2Fwp%2Fv2%2Fcategories&post=3309"},{"taxonomy":"post_tag","embeddable":true,"href":"https:\/\/blogdemarion.fr\/index.php?rest_route=%2Fwp%2Fv2%2Ftags&post=3309"}],"curies":[{"name":"wp","href":"https:\/\/api.w.org\/{rel}","templated":true}]}}