{"id":3279,"date":"2017-03-19T18:13:03","date_gmt":"2017-03-19T17:13:03","guid":{"rendered":"http:\/\/blogdemarion.fr\/?p=3279"},"modified":"2017-03-19T18:13:03","modified_gmt":"2017-03-19T17:13:03","slug":"vercors-gros-martel","status":"publish","type":"post","link":"https:\/\/blogdemarion.fr\/?p=3279","title":{"rendered":"Vercors : Gros Martel"},"content":{"rendered":"<p><strong>Vercors  : Le Gros Martel <\/strong><\/p>\n<p>La croix sommitale<br \/>\n<a href=\"https:\/\/blogdemarion.fr\/?attachment_id=3275\" rel=\"attachment wp-att-3275\"><img loading=\"lazy\" decoding=\"async\" src=\"https:\/\/blogdemarion.fr\/wp-content\/uploads\/2017\/03\/GrosMartel.jpg\" alt=\"GrosMartel\" width=\"691\" height=\"921\" class=\"aligncenter size-full wp-image-3275\" srcset=\"https:\/\/blogdemarion.fr\/wp-content\/uploads\/2017\/03\/GrosMartel.jpg 691w, https:\/\/blogdemarion.fr\/wp-content\/uploads\/2017\/03\/GrosMartel-225x300.jpg 225w\" sizes=\"auto, (max-width: 691px) 100vw, 691px\" \/><\/a><\/p>\n<p>Vue sur Villard de Lans, C\u00f4te 2000<br \/>\n<a href=\"https:\/\/blogdemarion.fr\/?attachment_id=3277\" rel=\"attachment wp-att-3277\"><img loading=\"lazy\" decoding=\"async\" src=\"https:\/\/blogdemarion.fr\/wp-content\/uploads\/2017\/03\/Villard.jpg\" alt=\"Villard\" width=\"921\" height=\"691\" class=\"aligncenter size-full wp-image-3277\" srcset=\"https:\/\/blogdemarion.fr\/wp-content\/uploads\/2017\/03\/Villard.jpg 921w, https:\/\/blogdemarion.fr\/wp-content\/uploads\/2017\/03\/Villard-300x225.jpg 300w, https:\/\/blogdemarion.fr\/wp-content\/uploads\/2017\/03\/Villard-768x576.jpg 768w\" sizes=\"auto, (max-width: 921px) 100vw, 921px\" \/><\/a><\/p>\n<p>Le Col Vert, depuis le point de vue du Cr\u00eat<br \/>\n<a href=\"https:\/\/blogdemarion.fr\/?attachment_id=3278\" rel=\"attachment wp-att-3278\"><img loading=\"lazy\" decoding=\"async\" src=\"https:\/\/blogdemarion.fr\/wp-content\/uploads\/2017\/03\/ColVert.jpg\" alt=\"ColVert\" width=\"921\" height=\"691\" class=\"aligncenter size-full wp-image-3278\" srcset=\"https:\/\/blogdemarion.fr\/wp-content\/uploads\/2017\/03\/ColVert.jpg 921w, https:\/\/blogdemarion.fr\/wp-content\/uploads\/2017\/03\/ColVert-300x225.jpg 300w, https:\/\/blogdemarion.fr\/wp-content\/uploads\/2017\/03\/ColVert-768x576.jpg 768w\" sizes=\"auto, (max-width: 921px) 100vw, 921px\" \/><\/a><\/p>\n<p>M\u00e9audre, , depuis le point de vue du Cr\u00eat<br \/>\n<a href=\"https:\/\/blogdemarion.fr\/?attachment_id=3276\" rel=\"attachment wp-att-3276\"><img loading=\"lazy\" decoding=\"async\" src=\"https:\/\/blogdemarion.fr\/wp-content\/uploads\/2017\/03\/Meaudre.jpg\" alt=\"Meaudre\" width=\"921\" height=\"691\" class=\"aligncenter size-full wp-image-3276\" srcset=\"https:\/\/blogdemarion.fr\/wp-content\/uploads\/2017\/03\/Meaudre.jpg 921w, https:\/\/blogdemarion.fr\/wp-content\/uploads\/2017\/03\/Meaudre-300x225.jpg 300w, https:\/\/blogdemarion.fr\/wp-content\/uploads\/2017\/03\/Meaudre-768x576.jpg 768w\" sizes=\"auto, (max-width: 921px) 100vw, 921px\" \/><\/a><\/p>\n<p><iframe loading=\"lazy\" src=\"https:\/\/www.google.com\/maps\/d\/embed?mid=1mfFTJeH13DLyK3n9geohjPXH8io\" width=\"100%\" height=\"400\" style=\"border:none\"><\/iframe><\/p>\n<p><a href=\"https:\/\/blogdemarion.fr\/tracesGPS\/GrosMartel.gpx\">T\u00e9lechargez le fichier GPX<\/a><\/p>\n","protected":false},"excerpt":{"rendered":"<p>Vercors : Le Gros Martel La croix sommitale Vue sur Villard de Lans, C\u00f4te 2000 Le Col Vert, depuis le point de vue du Cr\u00eat M\u00e9audre, , depuis le point de vue du Cr\u00eat T\u00e9lechargez le fichier GPX<\/p>\n","protected":false},"author":3,"featured_media":0,"comment_status":"open","ping_status":"open","sticky":false,"template":"","format":"standard","meta":{"footnotes":""},"categories":[17],"tags":[],"class_list":["post-3279","post","type-post","status-publish","format-standard","hentry","category-randonnees"],"_links":{"self":[{"href":"https:\/\/blogdemarion.fr\/index.php?rest_route=\/wp\/v2\/posts\/3279","targetHints":{"allow":["GET"]}}],"collection":[{"href":"https:\/\/blogdemarion.fr\/index.php?rest_route=\/wp\/v2\/posts"}],"about":[{"href":"https:\/\/blogdemarion.fr\/index.php?rest_route=\/wp\/v2\/types\/post"}],"author":[{"embeddable":true,"href":"https:\/\/blogdemarion.fr\/index.php?rest_route=\/wp\/v2\/users\/3"}],"replies":[{"embeddable":true,"href":"https:\/\/blogdemarion.fr\/index.php?rest_route=%2Fwp%2Fv2%2Fcomments&post=3279"}],"version-history":[{"count":3,"href":"https:\/\/blogdemarion.fr\/index.php?rest_route=\/wp\/v2\/posts\/3279\/revisions"}],"predecessor-version":[{"id":3282,"href":"https:\/\/blogdemarion.fr\/index.php?rest_route=\/wp\/v2\/posts\/3279\/revisions\/3282"}],"wp:attachment":[{"href":"https:\/\/blogdemarion.fr\/index.php?rest_route=%2Fwp%2Fv2%2Fmedia&parent=3279"}],"wp:term":[{"taxonomy":"category","embeddable":true,"href":"https:\/\/blogdemarion.fr\/index.php?rest_route=%2Fwp%2Fv2%2Fcategories&post=3279"},{"taxonomy":"post_tag","embeddable":true,"href":"https:\/\/blogdemarion.fr\/index.php?rest_route=%2Fwp%2Fv2%2Ftags&post=3279"}],"curies":[{"name":"wp","href":"https:\/\/api.w.org\/{rel}","templated":true}]}}