{"id":3217,"date":"2017-03-03T19:56:32","date_gmt":"2017-03-03T18:56:32","guid":{"rendered":"http:\/\/blogdemarion.fr\/?p=3217"},"modified":"2017-03-03T19:56:32","modified_gmt":"2017-03-03T18:56:32","slug":"ein-deutsches-requiem","status":"publish","type":"post","link":"https:\/\/blogdemarion.fr\/?p=3217","title":{"rendered":"Ein deutsches Requiem"},"content":{"rendered":"<p>Jour de concert \u00e0 SDU, l&rsquo;occasion de d\u00e9couvrir la parfaite acoustique de la salle<\/p>\n<p><a href=\"https:\/\/blogdemarion.fr\/?attachment_id=3219\" rel=\"attachment wp-att-3219\"><img loading=\"lazy\" decoding=\"async\" src=\"https:\/\/blogdemarion.fr\/wp-content\/uploads\/2017\/03\/EinDeutschesRequiemPT.jpg\" alt=\"EinDeutschesRequiemPT\" width=\"491\" height=\"369\" class=\"aligncenter size-full wp-image-3219\" srcset=\"https:\/\/blogdemarion.fr\/wp-content\/uploads\/2017\/03\/EinDeutschesRequiemPT.jpg 491w, https:\/\/blogdemarion.fr\/wp-content\/uploads\/2017\/03\/EinDeutschesRequiemPT-300x225.jpg 300w\" sizes=\"auto, (max-width: 491px) 100vw, 491px\" \/><\/a><\/p>\n<p>Au programme, \u00ab\u00a0Ein deutsches Requiem\u00a0\u00bb de Brahms, une \u0153uvre sacr\u00e9e, sur des textes de l&rsquo;\u00c9criture sainte, pour solistes, ch\u0153ur et orchestre.<\/p>\n","protected":false},"excerpt":{"rendered":"<p>Jour de concert \u00e0 SDU, l&rsquo;occasion de d\u00e9couvrir la parfaite acoustique de la salle Au programme, \u00ab\u00a0Ein deutsches Requiem\u00a0\u00bb de Brahms, une \u0153uvre sacr\u00e9e, sur des textes de l&rsquo;\u00c9criture sainte, pour solistes, ch\u0153ur et orchestre.<\/p>\n","protected":false},"author":3,"featured_media":0,"comment_status":"open","ping_status":"open","sticky":false,"template":"","format":"standard","meta":{"footnotes":""},"categories":[1],"tags":[],"class_list":["post-3217","post","type-post","status-publish","format-standard","hentry","category-non-classe"],"_links":{"self":[{"href":"https:\/\/blogdemarion.fr\/index.php?rest_route=\/wp\/v2\/posts\/3217","targetHints":{"allow":["GET"]}}],"collection":[{"href":"https:\/\/blogdemarion.fr\/index.php?rest_route=\/wp\/v2\/posts"}],"about":[{"href":"https:\/\/blogdemarion.fr\/index.php?rest_route=\/wp\/v2\/types\/post"}],"author":[{"embeddable":true,"href":"https:\/\/blogdemarion.fr\/index.php?rest_route=\/wp\/v2\/users\/3"}],"replies":[{"embeddable":true,"href":"https:\/\/blogdemarion.fr\/index.php?rest_route=%2Fwp%2Fv2%2Fcomments&post=3217"}],"version-history":[{"count":2,"href":"https:\/\/blogdemarion.fr\/index.php?rest_route=\/wp\/v2\/posts\/3217\/revisions"}],"predecessor-version":[{"id":3221,"href":"https:\/\/blogdemarion.fr\/index.php?rest_route=\/wp\/v2\/posts\/3217\/revisions\/3221"}],"wp:attachment":[{"href":"https:\/\/blogdemarion.fr\/index.php?rest_route=%2Fwp%2Fv2%2Fmedia&parent=3217"}],"wp:term":[{"taxonomy":"category","embeddable":true,"href":"https:\/\/blogdemarion.fr\/index.php?rest_route=%2Fwp%2Fv2%2Fcategories&post=3217"},{"taxonomy":"post_tag","embeddable":true,"href":"https:\/\/blogdemarion.fr\/index.php?rest_route=%2Fwp%2Fv2%2Ftags&post=3217"}],"curies":[{"name":"wp","href":"https:\/\/api.w.org\/{rel}","templated":true}]}}