{"id":3138,"date":"2016-06-14T19:04:12","date_gmt":"2016-06-14T18:04:12","guid":{"rendered":"http:\/\/blogdemarion.fr\/?p=3138"},"modified":"2020-06-22T14:38:27","modified_gmt":"2020-06-22T13:38:27","slug":"massif-du-mercantour-lacs-de-vens","status":"publish","type":"post","link":"https:\/\/blogdemarion.fr\/?p=3138","title":{"rendered":"Mercantour : Lacs de Vens"},"content":{"rendered":"<p><strong>Mercantour : Lacs de Vens<\/strong><\/p>\n<p>Lac de Vens, vue depuis le sentier venant de le Pra<br \/>\n<a href=\"https:\/\/blogdemarion.fr\/?attachment_id=3141\" rel=\"attachment wp-att-3141\"><img loading=\"lazy\" decoding=\"async\" class=\"aligncenter size-full wp-image-3141\" src=\"https:\/\/blogdemarion.fr\/wp-content\/uploads\/2017\/03\/LacVens.jpg\" alt=\"LacVens\" width=\"921\" height=\"691\" srcset=\"https:\/\/blogdemarion.fr\/wp-content\/uploads\/2017\/03\/LacVens.jpg 921w, https:\/\/blogdemarion.fr\/wp-content\/uploads\/2017\/03\/LacVens-300x225.jpg 300w, https:\/\/blogdemarion.fr\/wp-content\/uploads\/2017\/03\/LacVens-768x576.jpg 768w\" sizes=\"auto, (max-width: 921px) 100vw, 921px\" \/><\/a><\/p>\n<p>Lac et Refuge de Vens<br \/>\n<a href=\"https:\/\/blogdemarion.fr\/?attachment_id=3143\" rel=\"attachment wp-att-3143\"><img loading=\"lazy\" decoding=\"async\" class=\"aligncenter size-full wp-image-3143\" src=\"https:\/\/blogdemarion.fr\/wp-content\/uploads\/2017\/03\/LacVens2.jpg\" alt=\"LacVens2\" width=\"921\" height=\"691\" srcset=\"https:\/\/blogdemarion.fr\/wp-content\/uploads\/2017\/03\/LacVens2.jpg 921w, https:\/\/blogdemarion.fr\/wp-content\/uploads\/2017\/03\/LacVens2-300x225.jpg 300w, https:\/\/blogdemarion.fr\/wp-content\/uploads\/2017\/03\/LacVens2-768x576.jpg 768w\" sizes=\"auto, (max-width: 921px) 100vw, 921px\" \/><\/a><\/p>\n<p>Petit lac inf\u00e9rieur<br \/>\n<a href=\"https:\/\/blogdemarion.fr\/?attachment_id=3142\" rel=\"attachment wp-att-3142\"><img loading=\"lazy\" decoding=\"async\" class=\"aligncenter size-full wp-image-3142\" src=\"https:\/\/blogdemarion.fr\/wp-content\/uploads\/2017\/03\/LacVens1.jpg\" alt=\"LacVens1\" width=\"921\" height=\"691\" srcset=\"https:\/\/blogdemarion.fr\/wp-content\/uploads\/2017\/03\/LacVens1.jpg 921w, https:\/\/blogdemarion.fr\/wp-content\/uploads\/2017\/03\/LacVens1-300x225.jpg 300w, https:\/\/blogdemarion.fr\/wp-content\/uploads\/2017\/03\/LacVens1-768x576.jpg 768w\" sizes=\"auto, (max-width: 921px) 100vw, 921px\" \/><\/a><\/p>\n<p>Beaucoup de chamois rencontr\u00e9s au fil de la ballade<br \/>\n<a href=\"https:\/\/blogdemarion.fr\/?attachment_id=3144\" rel=\"attachment wp-att-3144\"><img loading=\"lazy\" decoding=\"async\" class=\"aligncenter size-full wp-image-3144\" src=\"https:\/\/blogdemarion.fr\/wp-content\/uploads\/2017\/03\/Chamois.jpg\" alt=\"Chamois\" width=\"921\" height=\"691\" srcset=\"https:\/\/blogdemarion.fr\/wp-content\/uploads\/2017\/03\/Chamois.jpg 921w, https:\/\/blogdemarion.fr\/wp-content\/uploads\/2017\/03\/Chamois-300x225.jpg 300w, https:\/\/blogdemarion.fr\/wp-content\/uploads\/2017\/03\/Chamois-768x576.jpg 768w\" sizes=\"auto, (max-width: 921px) 100vw, 921px\" \/><\/a><\/p>\n<p>Aiguilles de Tortisse<br \/>\n<a href=\"https:\/\/blogdemarion.fr\/?attachment_id=3140\" rel=\"attachment wp-att-3140\"><img loading=\"lazy\" decoding=\"async\" class=\"aligncenter size-full wp-image-3140\" src=\"https:\/\/blogdemarion.fr\/wp-content\/uploads\/2017\/03\/RocherTortisse.jpg\" alt=\"RocherTortisse\" width=\"691\" height=\"921\" srcset=\"https:\/\/blogdemarion.fr\/wp-content\/uploads\/2017\/03\/RocherTortisse.jpg 691w, https:\/\/blogdemarion.fr\/wp-content\/uploads\/2017\/03\/RocherTortisse-225x300.jpg 225w\" sizes=\"auto, (max-width: 691px) 100vw, 691px\" \/><\/a><\/p>\n<p><iframe loading=\"lazy\" src=\"https:\/\/www.google.com\/maps\/d\/embed?mid=1DpQJRBB3QfB6Rr2a78FewFcVRqE\" width=\"100%\" height=\"400\" style=\"border:none\"><\/iframe><\/p>\n<p><a href=\"https:\/\/blogdemarion.fr\/tracesGPS\/LacVens.gpx\">T\u00e9lechargez le fichier GPX<\/a><\/p>\n","protected":false},"excerpt":{"rendered":"<p>Mercantour : Lacs de Vens Lac de Vens, vue depuis le sentier venant de le Pra Lac et Refuge de Vens Petit lac inf\u00e9rieur Beaucoup de chamois rencontr\u00e9s au fil de la ballade Aiguilles de Tortisse T\u00e9lechargez le fichier GPX<\/p>\n","protected":false},"author":3,"featured_media":0,"comment_status":"open","ping_status":"open","sticky":false,"template":"","format":"standard","meta":{"footnotes":""},"categories":[17],"tags":[],"class_list":["post-3138","post","type-post","status-publish","format-standard","hentry","category-randonnees"],"_links":{"self":[{"href":"https:\/\/blogdemarion.fr\/index.php?rest_route=\/wp\/v2\/posts\/3138","targetHints":{"allow":["GET"]}}],"collection":[{"href":"https:\/\/blogdemarion.fr\/index.php?rest_route=\/wp\/v2\/posts"}],"about":[{"href":"https:\/\/blogdemarion.fr\/index.php?rest_route=\/wp\/v2\/types\/post"}],"author":[{"embeddable":true,"href":"https:\/\/blogdemarion.fr\/index.php?rest_route=\/wp\/v2\/users\/3"}],"replies":[{"embeddable":true,"href":"https:\/\/blogdemarion.fr\/index.php?rest_route=%2Fwp%2Fv2%2Fcomments&post=3138"}],"version-history":[{"count":5,"href":"https:\/\/blogdemarion.fr\/index.php?rest_route=\/wp\/v2\/posts\/3138\/revisions"}],"predecessor-version":[{"id":7859,"href":"https:\/\/blogdemarion.fr\/index.php?rest_route=\/wp\/v2\/posts\/3138\/revisions\/7859"}],"wp:attachment":[{"href":"https:\/\/blogdemarion.fr\/index.php?rest_route=%2Fwp%2Fv2%2Fmedia&parent=3138"}],"wp:term":[{"taxonomy":"category","embeddable":true,"href":"https:\/\/blogdemarion.fr\/index.php?rest_route=%2Fwp%2Fv2%2Fcategories&post=3138"},{"taxonomy":"post_tag","embeddable":true,"href":"https:\/\/blogdemarion.fr\/index.php?rest_route=%2Fwp%2Fv2%2Ftags&post=3138"}],"curies":[{"name":"wp","href":"https:\/\/api.w.org\/{rel}","templated":true}]}}