{"id":3125,"date":"2016-10-18T21:04:34","date_gmt":"2016-10-18T20:04:34","guid":{"rendered":"http:\/\/blogdemarion.fr\/?p=3125"},"modified":"2020-09-20T17:39:32","modified_gmt":"2020-09-20T16:39:32","slug":"le-lauvitel","status":"publish","type":"post","link":"https:\/\/blogdemarion.fr\/?p=3125","title":{"rendered":"\u00c9crins : Le Lauvitel"},"content":{"rendered":"<p><strong>\u00c9crins : Le Lauvitel : <\/strong><\/p>\n<p><a href=\"https:\/\/blogdemarion.fr\/?attachment_id=2960\" rel=\"attachment wp-att-2960\"><img loading=\"lazy\" decoding=\"async\" class=\"aligncenter size-full wp-image-2960\" src=\"https:\/\/blogdemarion.fr\/wp-content\/uploads\/2016\/10\/LauvitelVallon.jpg\" alt=\"lauvitelvallon\" width=\"213\" height=\"283\"><\/a><\/p>\n<p>Situ\u00e9 \u00e0 1 530 m\u00e8tres d&rsquo;altitude, dans la vall\u00e9e du V\u00e9n\u00e9on, ce lac est le plus grand lac du Massif des \u00c9crins.<\/p>\n<p>Paradis des marmottes l&rsquo;\u00e9t\u00e9, cette randonn\u00e9e reste un \u00ab\u00a0Must\u00a0\u00bb mais quel plaisir de la red\u00e9couvrir en octobre, lorsque tout est calme et que la brume se l\u00e8ve.<br \/>\n<a href=\"https:\/\/blogdemarion.fr\/?attachment_id=2959\" rel=\"attachment wp-att-2959\"><img loading=\"lazy\" decoding=\"async\" class=\"aligncenter size-full wp-image-2959\" src=\"https:\/\/blogdemarion.fr\/wp-content\/uploads\/2016\/10\/LauvitelPlage.jpg\" alt=\"lauvitelplage\" width=\"283\" height=\"213\"><\/a><\/p>\n<p><iframe loading=\"lazy\" src=\"https:\/\/www.google.com\/maps\/d\/embed?mid=11_63vS179PfwBTZHwvfN_qBcJwM\" width=\"100%\" height=\"400\" style=\"border:none\"><\/iframe><\/p>\n<p><a href=\"https:\/\/blogdemarion.fr\/tracesGPS\/Lauvitel.gpx\">T\u00e9lechargez le fichier GPX<\/a><\/p>\n","protected":false},"excerpt":{"rendered":"<p>\u00c9crins : Le Lauvitel : Situ\u00e9 \u00e0 1 530 m\u00e8tres d&rsquo;altitude, dans la vall\u00e9e du V\u00e9n\u00e9on, ce lac est le plus grand lac du Massif des \u00c9crins. Paradis des marmottes l&rsquo;\u00e9t\u00e9, cette randonn\u00e9e reste un \u00ab\u00a0Must\u00a0\u00bb mais quel plaisir de la red\u00e9couvrir en octobre, lorsque tout est calme et que la brume se l\u00e8ve. T\u00e9lechargez &hellip; <a href=\"https:\/\/blogdemarion.fr\/?p=3125\">Continue reading <span class=\"meta-nav\">&rarr;<\/span><\/a><\/p>\n","protected":false},"author":3,"featured_media":0,"comment_status":"open","ping_status":"open","sticky":false,"template":"","format":"standard","meta":{"footnotes":""},"categories":[17],"tags":[],"class_list":["post-3125","post","type-post","status-publish","format-standard","hentry","category-randonnees"],"_links":{"self":[{"href":"https:\/\/blogdemarion.fr\/index.php?rest_route=\/wp\/v2\/posts\/3125","targetHints":{"allow":["GET"]}}],"collection":[{"href":"https:\/\/blogdemarion.fr\/index.php?rest_route=\/wp\/v2\/posts"}],"about":[{"href":"https:\/\/blogdemarion.fr\/index.php?rest_route=\/wp\/v2\/types\/post"}],"author":[{"embeddable":true,"href":"https:\/\/blogdemarion.fr\/index.php?rest_route=\/wp\/v2\/users\/3"}],"replies":[{"embeddable":true,"href":"https:\/\/blogdemarion.fr\/index.php?rest_route=%2Fwp%2Fv2%2Fcomments&post=3125"}],"version-history":[{"count":4,"href":"https:\/\/blogdemarion.fr\/index.php?rest_route=\/wp\/v2\/posts\/3125\/revisions"}],"predecessor-version":[{"id":8750,"href":"https:\/\/blogdemarion.fr\/index.php?rest_route=\/wp\/v2\/posts\/3125\/revisions\/8750"}],"wp:attachment":[{"href":"https:\/\/blogdemarion.fr\/index.php?rest_route=%2Fwp%2Fv2%2Fmedia&parent=3125"}],"wp:term":[{"taxonomy":"category","embeddable":true,"href":"https:\/\/blogdemarion.fr\/index.php?rest_route=%2Fwp%2Fv2%2Fcategories&post=3125"},{"taxonomy":"post_tag","embeddable":true,"href":"https:\/\/blogdemarion.fr\/index.php?rest_route=%2Fwp%2Fv2%2Ftags&post=3125"}],"curies":[{"name":"wp","href":"https:\/\/api.w.org\/{rel}","templated":true}]}}