{"id":22975,"date":"2025-05-09T22:42:01","date_gmt":"2025-05-09T21:42:01","guid":{"rendered":"https:\/\/blogdemarion.fr\/?p=22975"},"modified":"2025-05-10T07:58:01","modified_gmt":"2025-05-10T06:58:01","slug":"valse-des-cucurbitacees","status":"publish","type":"post","link":"https:\/\/blogdemarion.fr\/?p=22975","title":{"rendered":"Valse des cucurbitac\u00e9es"},"content":{"rendered":"\n<p>Aujourd\u2019hui, c\u2019est jour de plantations des cucurbitac\u00e9es. Sylvie a amen\u00e9 de beaux plantules de courges musqu\u00e9es et de potirons. Ils vont rejoindre la parcelle des potimarons.<\/p>\n\n\n\n<p>Les courgettes de la v\u00e9randa ont, elles aussi, fini par germer. Il est temps de les planter au jardin.<\/p>\n\n\n\n<p>Deux plants de tomates, arriv\u00e9s \u00e0 l\u2019improviste, vont rejoindre les leurs sous le tunnel.<\/p>\n\n\n\n<p>Mamie propose d\u2019associer \u00e0 cette valse de plantations, les chayottes. Celles-ci surveillent d\u00e9sormais la cl\u00f4ture du potager.<\/p>\n\n\n\n<p>N\u2019oublions pas non-plus la s\u00e9ance formation.Au programme: l\u2019art de butter les pommes de terre et comment bien manier la grelinette.<\/p>\n\n\n\n<p>Belle valse de plantations potag\u00e8res, et m\u00eame encore un peu de souffle pour les bougies !<\/p>\n","protected":false},"excerpt":{"rendered":"<p>Aujourd\u2019hui, c\u2019est jour de plantations des cucurbitac\u00e9es. Sylvie a amen\u00e9 de beaux plantules de courges musqu\u00e9es et de potirons. Ils vont rejoindre la parcelle des potimarons. Les courgettes de la v\u00e9randa ont, elles aussi, fini par germer. Il est temps de les planter au jardin. Deux plants de tomates, arriv\u00e9s \u00e0 l\u2019improviste, vont rejoindre les &hellip; <a href=\"https:\/\/blogdemarion.fr\/?p=22975\">Continue reading <span class=\"meta-nav\">&rarr;<\/span><\/a><\/p>\n","protected":false},"author":3,"featured_media":0,"comment_status":"open","ping_status":"closed","sticky":false,"template":"","format":"standard","meta":{"footnotes":""},"categories":[34],"tags":[],"class_list":["post-22975","post","type-post","status-publish","format-standard","hentry","category-jardin-de-mamie"],"_links":{"self":[{"href":"https:\/\/blogdemarion.fr\/index.php?rest_route=\/wp\/v2\/posts\/22975","targetHints":{"allow":["GET"]}}],"collection":[{"href":"https:\/\/blogdemarion.fr\/index.php?rest_route=\/wp\/v2\/posts"}],"about":[{"href":"https:\/\/blogdemarion.fr\/index.php?rest_route=\/wp\/v2\/types\/post"}],"author":[{"embeddable":true,"href":"https:\/\/blogdemarion.fr\/index.php?rest_route=\/wp\/v2\/users\/3"}],"replies":[{"embeddable":true,"href":"https:\/\/blogdemarion.fr\/index.php?rest_route=%2Fwp%2Fv2%2Fcomments&post=22975"}],"version-history":[{"count":4,"href":"https:\/\/blogdemarion.fr\/index.php?rest_route=\/wp\/v2\/posts\/22975\/revisions"}],"predecessor-version":[{"id":22981,"href":"https:\/\/blogdemarion.fr\/index.php?rest_route=\/wp\/v2\/posts\/22975\/revisions\/22981"}],"wp:attachment":[{"href":"https:\/\/blogdemarion.fr\/index.php?rest_route=%2Fwp%2Fv2%2Fmedia&parent=22975"}],"wp:term":[{"taxonomy":"category","embeddable":true,"href":"https:\/\/blogdemarion.fr\/index.php?rest_route=%2Fwp%2Fv2%2Fcategories&post=22975"},{"taxonomy":"post_tag","embeddable":true,"href":"https:\/\/blogdemarion.fr\/index.php?rest_route=%2Fwp%2Fv2%2Ftags&post=22975"}],"curies":[{"name":"wp","href":"https:\/\/api.w.org\/{rel}","templated":true}]}}