{"id":21540,"date":"2024-12-21T00:10:13","date_gmt":"2024-12-20T23:10:13","guid":{"rendered":"https:\/\/blogdemarion.fr\/?p=21540"},"modified":"2024-11-28T18:22:58","modified_gmt":"2024-11-28T17:22:58","slug":"21-avent-2024-la-naissance","status":"publish","type":"post","link":"https:\/\/blogdemarion.fr\/?p=21540","title":{"rendered":"21. Avent 2024 : La naissance"},"content":{"rendered":"\n<figure class=\"wp-block-image size-full\"><a href=\"https:\/\/blogdemarion.fr\/wp-content\/uploads\/2024\/11\/Diapositive22.jpg\"><img loading=\"lazy\" decoding=\"async\" width=\"640\" height=\"400\" src=\"https:\/\/blogdemarion.fr\/wp-content\/uploads\/2024\/11\/Diapositive22.jpg\" alt=\"\" class=\"wp-image-21541\" srcset=\"https:\/\/blogdemarion.fr\/wp-content\/uploads\/2024\/11\/Diapositive22.jpg 640w, https:\/\/blogdemarion.fr\/wp-content\/uploads\/2024\/11\/Diapositive22-300x188.jpg 300w\" sizes=\"auto, (max-width: 640px) 100vw, 640px\" \/><\/a><\/figure>\n\n\n\n<p>Avec <strong>la naissance<\/strong>, revenons sur la longue existence de la capitale.<\/p>\n\n\n\n<p>Il y a 100 000 ann\u00e9es, les mammouths \u00e9taient d\u00e9j\u00e0 l\u00e0 (on a m\u00eame retrouv\u00e9 des dents de mammouths avenue Daumesnil !)<\/p>\n\n\n<div class=\"wp-block-image\">\n<figure class=\"aligncenter size-full\"><a href=\"https:\/\/blogdemarion.fr\/wp-content\/uploads\/2024\/11\/MammouthBB.jpg\"><img loading=\"lazy\" decoding=\"async\" width=\"600\" height=\"600\" src=\"https:\/\/blogdemarion.fr\/wp-content\/uploads\/2024\/11\/MammouthBB.jpg\" alt=\"\" class=\"wp-image-21943\" srcset=\"https:\/\/blogdemarion.fr\/wp-content\/uploads\/2024\/11\/MammouthBB.jpg 600w, https:\/\/blogdemarion.fr\/wp-content\/uploads\/2024\/11\/MammouthBB-300x300.jpg 300w, https:\/\/blogdemarion.fr\/wp-content\/uploads\/2024\/11\/MammouthBB-150x150.jpg 150w\" sizes=\"auto, (max-width: 600px) 100vw, 600px\" \/><\/a><figcaption class=\"wp-element-caption\"><sub><em>Paris, 2024<\/em><\/sub><\/figcaption><\/figure><\/div>\n\n\n<p>Mais l&rsquo;anc\u00eatre de Paris, c&rsquo;est la <strong>Lut\u00e8ce Gauloise<\/strong>. Et m\u00eame \u00e0 cette \u00e9poque, il y avait des bouchons !<\/p>\n\n\n<div class=\"wp-block-image\">\n<figure class=\"aligncenter size-full\"><a href=\"https:\/\/blogdemarion.fr\/wp-content\/uploads\/2024\/11\/Bouchons.png\"><img loading=\"lazy\" decoding=\"async\" width=\"800\" height=\"221\" src=\"https:\/\/blogdemarion.fr\/wp-content\/uploads\/2024\/11\/Bouchons.png\" alt=\"\" class=\"wp-image-21933\" srcset=\"https:\/\/blogdemarion.fr\/wp-content\/uploads\/2024\/11\/Bouchons.png 800w, https:\/\/blogdemarion.fr\/wp-content\/uploads\/2024\/11\/Bouchons-300x83.png 300w, https:\/\/blogdemarion.fr\/wp-content\/uploads\/2024\/11\/Bouchons-768x212.png 768w\" sizes=\"auto, (max-width: 800px) 100vw, 800px\" \/><\/a><figcaption class=\"wp-element-caption\"><sub><em>Ast\u00e9rix, Le tour de Gaule<\/em><\/sub><\/figcaption><\/figure><\/div>\n\n\n<p>Seulement bien vite, les Romains ont pris le pouvoir.<\/p>\n\n\n<div class=\"wp-block-image\">\n<figure class=\"aligncenter size-full is-resized\"><a href=\"https:\/\/blogdemarion.fr\/wp-content\/uploads\/2024\/11\/P1110428.jpg\"><img loading=\"lazy\" decoding=\"async\" width=\"640\" height=\"480\" src=\"https:\/\/blogdemarion.fr\/wp-content\/uploads\/2024\/11\/P1110428.jpg\" alt=\"\" class=\"wp-image-21934\" style=\"width:640px;height:auto\" srcset=\"https:\/\/blogdemarion.fr\/wp-content\/uploads\/2024\/11\/P1110428.jpg 640w, https:\/\/blogdemarion.fr\/wp-content\/uploads\/2024\/11\/P1110428-300x225.jpg 300w\" sizes=\"auto, (max-width: 640px) 100vw, 640px\" \/><\/a><figcaption class=\"wp-element-caption\"><sub><em>Paris, square des ar\u00e8nes de Lut\u00e8ce, 5i\u00e8me, 16 F\u00e9vrier 2024<\/em><\/sub><\/figcaption><\/figure><\/div>\n\n\n<p>Puis les ann\u00e9es ont pass\u00e9es, les vrais parisiens ont vu le jour et ont beaucoup transform\u00e9 la ville. <\/p>\n\n\n<div class=\"wp-block-image\">\n<figure class=\"aligncenter size-full\"><a href=\"https:\/\/blogdemarion.fr\/wp-content\/uploads\/2024\/11\/GerardOurqPt.png\"><img loading=\"lazy\" decoding=\"async\" width=\"430\" height=\"640\" src=\"https:\/\/blogdemarion.fr\/wp-content\/uploads\/2024\/11\/GerardOurqPt.png\" alt=\"\" class=\"wp-image-21937\" srcset=\"https:\/\/blogdemarion.fr\/wp-content\/uploads\/2024\/11\/GerardOurqPt.png 430w, https:\/\/blogdemarion.fr\/wp-content\/uploads\/2024\/11\/GerardOurqPt-202x300.png 202w\" sizes=\"auto, (max-width: 430px) 100vw, 430px\" \/><\/a><figcaption class=\"wp-element-caption\"><sub><em>Paris, G\u00e9rard, Ann\u00e9es 30<\/em><\/sub><\/figcaption><\/figure><\/div>\n\n\n<p>A la Villette, on est pass\u00e9 des abattoirs, au parc et \u00e0 la cit\u00e9 des Sciences; <\/p>\n\n\n<div class=\"wp-block-image\">\n<figure class=\"aligncenter size-full\"><a href=\"https:\/\/blogdemarion.fr\/wp-content\/uploads\/2024\/12\/IMG_0339.jpg\"><img loading=\"lazy\" decoding=\"async\" width=\"480\" height=\"640\" src=\"https:\/\/blogdemarion.fr\/wp-content\/uploads\/2024\/12\/IMG_0339.jpg\" alt=\"\" class=\"wp-image-22088\" srcset=\"https:\/\/blogdemarion.fr\/wp-content\/uploads\/2024\/12\/IMG_0339.jpg 480w, https:\/\/blogdemarion.fr\/wp-content\/uploads\/2024\/12\/IMG_0339-225x300.jpg 225w\" sizes=\"auto, (max-width: 480px) 100vw, 480px\" \/><\/a><figcaption class=\"wp-element-caption\"><sup><em>Paris, 21 Janvier 2017<\/em><\/sup><\/figcaption><\/figure><\/div>\n\n\n<p>aux Halles, du grand march\u00e9 qui ravitaillaient la capitale, au Forum, le plus grand centre commercial de Paris.<\/p>\n\n\n<div class=\"wp-block-image\">\n<figure class=\"aligncenter size-large\"><a href=\"https:\/\/blogdemarion.fr\/wp-content\/uploads\/2024\/11\/LesHalles.jpg\"><img loading=\"lazy\" decoding=\"async\" width=\"1024\" height=\"676\" src=\"https:\/\/blogdemarion.fr\/wp-content\/uploads\/2024\/11\/LesHalles-1024x676.jpg\" alt=\"\" class=\"wp-image-21939\" srcset=\"https:\/\/blogdemarion.fr\/wp-content\/uploads\/2024\/11\/LesHalles-1024x676.jpg 1024w, https:\/\/blogdemarion.fr\/wp-content\/uploads\/2024\/11\/LesHalles-300x198.jpg 300w, https:\/\/blogdemarion.fr\/wp-content\/uploads\/2024\/11\/LesHalles-768x507.jpg 768w, https:\/\/blogdemarion.fr\/wp-content\/uploads\/2024\/11\/LesHalles.jpg 1190w\" sizes=\"auto, (max-width: 1024px) 100vw, 1024px\" \/><\/a><\/figure><\/div>\n\n<div class=\"wp-block-image\">\n<figure class=\"aligncenter size-full\"><a href=\"https:\/\/blogdemarion.fr\/wp-content\/uploads\/2021\/07\/LesHalles-2.jpg\"><img loading=\"lazy\" decoding=\"async\" width=\"800\" height=\"600\" src=\"https:\/\/blogdemarion.fr\/wp-content\/uploads\/2021\/07\/LesHalles-2.jpg\" alt=\"\" class=\"wp-image-10706\" srcset=\"https:\/\/blogdemarion.fr\/wp-content\/uploads\/2021\/07\/LesHalles-2.jpg 800w, https:\/\/blogdemarion.fr\/wp-content\/uploads\/2021\/07\/LesHalles-2-300x225.jpg 300w, https:\/\/blogdemarion.fr\/wp-content\/uploads\/2021\/07\/LesHalles-2-768x576.jpg 768w\" sizes=\"auto, (max-width: 800px) 100vw, 800px\" \/><\/a><figcaption class=\"wp-element-caption\"><sub><em>Paris, 14 Juillet 2021<\/em><\/sub><\/figcaption><\/figure><\/div>\n\n\n<p class=\"has-text-align-center\">A toutes les \u00e9poques, c&rsquo;est incroyable ce que l&rsquo;on peut faire avec une pelle et un seau !<\/p>\n\n\n<div class=\"wp-block-image\">\n<figure class=\"aligncenter size-full\"><a href=\"https:\/\/blogdemarion.fr\/wp-content\/uploads\/2024\/11\/EricSeau.png\"><img loading=\"lazy\" decoding=\"async\" width=\"640\" height=\"552\" src=\"https:\/\/blogdemarion.fr\/wp-content\/uploads\/2024\/11\/EricSeau.png\" alt=\"\" class=\"wp-image-21941\" srcset=\"https:\/\/blogdemarion.fr\/wp-content\/uploads\/2024\/11\/EricSeau.png 640w, https:\/\/blogdemarion.fr\/wp-content\/uploads\/2024\/11\/EricSeau-300x259.png 300w\" sizes=\"auto, (max-width: 640px) 100vw, 640px\" \/><\/a><figcaption class=\"wp-element-caption\"><sub><em>Paris, Les buttes Chaumont, Ann\u00e9es 60<\/em><\/sub><\/figcaption><\/figure><\/div>\n\n<div class=\"wp-block-image\">\n<figure class=\"aligncenter size-full\"><a href=\"https:\/\/blogdemarion.fr\/wp-content\/uploads\/2019\/04\/carrelage.jpg\"><img loading=\"lazy\" decoding=\"async\" width=\"369\" height=\"276\" src=\"https:\/\/blogdemarion.fr\/wp-content\/uploads\/2019\/04\/carrelage.jpg\" alt=\"\" class=\"wp-image-6072\" srcset=\"https:\/\/blogdemarion.fr\/wp-content\/uploads\/2019\/04\/carrelage.jpg 369w, https:\/\/blogdemarion.fr\/wp-content\/uploads\/2019\/04\/carrelage-300x224.jpg 300w\" sizes=\"auto, (max-width: 369px) 100vw, 369px\" \/><\/a><figcaption class=\"wp-element-caption\"><sub><em>Paris, 24 F\u00e9vrier 2019<\/em><\/sub><\/figcaption><\/figure><\/div>\n\n\n<p class=\"has-text-align-center\"><strong>A nous d&rsquo;inventer le futur&#8230;<\/strong><\/p>\n","protected":false},"excerpt":{"rendered":"<p>Avec la naissance, revenons sur la longue existence de la capitale. Il y a 100 000 ann\u00e9es, les mammouths \u00e9taient d\u00e9j\u00e0 l\u00e0 (on a m\u00eame retrouv\u00e9 des dents de mammouths avenue Daumesnil !) Mais l&rsquo;anc\u00eatre de Paris, c&rsquo;est la Lut\u00e8ce Gauloise. Et m\u00eame \u00e0 cette \u00e9poque, il y avait des bouchons ! Seulement bien vite, &hellip; <a href=\"https:\/\/blogdemarion.fr\/?p=21540\">Continue reading <span class=\"meta-nav\">&rarr;<\/span><\/a><\/p>\n","protected":false},"author":3,"featured_media":0,"comment_status":"open","ping_status":"closed","sticky":false,"template":"","format":"standard","meta":{"footnotes":""},"categories":[1],"tags":[32],"class_list":["post-21540","post","type-post","status-publish","format-standard","hentry","category-non-classe","tag-avent24"],"_links":{"self":[{"href":"https:\/\/blogdemarion.fr\/index.php?rest_route=\/wp\/v2\/posts\/21540","targetHints":{"allow":["GET"]}}],"collection":[{"href":"https:\/\/blogdemarion.fr\/index.php?rest_route=\/wp\/v2\/posts"}],"about":[{"href":"https:\/\/blogdemarion.fr\/index.php?rest_route=\/wp\/v2\/types\/post"}],"author":[{"embeddable":true,"href":"https:\/\/blogdemarion.fr\/index.php?rest_route=\/wp\/v2\/users\/3"}],"replies":[{"embeddable":true,"href":"https:\/\/blogdemarion.fr\/index.php?rest_route=%2Fwp%2Fv2%2Fcomments&post=21540"}],"version-history":[{"count":15,"href":"https:\/\/blogdemarion.fr\/index.php?rest_route=\/wp\/v2\/posts\/21540\/revisions"}],"predecessor-version":[{"id":22090,"href":"https:\/\/blogdemarion.fr\/index.php?rest_route=\/wp\/v2\/posts\/21540\/revisions\/22090"}],"wp:attachment":[{"href":"https:\/\/blogdemarion.fr\/index.php?rest_route=%2Fwp%2Fv2%2Fmedia&parent=21540"}],"wp:term":[{"taxonomy":"category","embeddable":true,"href":"https:\/\/blogdemarion.fr\/index.php?rest_route=%2Fwp%2Fv2%2Fcategories&post=21540"},{"taxonomy":"post_tag","embeddable":true,"href":"https:\/\/blogdemarion.fr\/index.php?rest_route=%2Fwp%2Fv2%2Ftags&post=21540"}],"curies":[{"name":"wp","href":"https:\/\/api.w.org\/{rel}","templated":true}]}}