{"id":21533,"date":"2024-12-19T00:10:10","date_gmt":"2024-12-18T23:10:10","guid":{"rendered":"https:\/\/blogdemarion.fr\/?p=21533"},"modified":"2024-11-28T18:42:16","modified_gmt":"2024-11-28T17:42:16","slug":"19-avent-2024-le-pere-noel","status":"publish","type":"post","link":"https:\/\/blogdemarion.fr\/?p=21533","title":{"rendered":"19. Avent 2024 : Le p\u00e8re No\u00ebl"},"content":{"rendered":"\n<figure class=\"wp-block-image size-full\"><a href=\"https:\/\/blogdemarion.fr\/wp-content\/uploads\/2024\/11\/Diapositive20.jpg\"><img loading=\"lazy\" decoding=\"async\" width=\"640\" height=\"400\" src=\"https:\/\/blogdemarion.fr\/wp-content\/uploads\/2024\/11\/Diapositive20.jpg\" alt=\"\" class=\"wp-image-21534\" srcset=\"https:\/\/blogdemarion.fr\/wp-content\/uploads\/2024\/11\/Diapositive20.jpg 640w, https:\/\/blogdemarion.fr\/wp-content\/uploads\/2024\/11\/Diapositive20-300x188.jpg 300w\" sizes=\"auto, (max-width: 640px) 100vw, 640px\" \/><\/a><\/figure>\n\n\n\n<p>Le <strong>P\u00e8re No\u00ebl <\/strong>est toujours <strong>de rouge v\u00eatu<\/strong>. Alors revisitons les grands lieux de Paris avec cette belle couleur.<\/p>\n\n\n\n<p>Rouge comme <strong>la Tour Eiffel<\/strong> \u00e0 ses d\u00e9buts, sur la rive gauche.<\/p>\n\n\n<div class=\"wp-block-image\">\n<figure class=\"aligncenter size-full\"><a href=\"https:\/\/blogdemarion.fr\/wp-content\/uploads\/2024\/11\/RiveGaucheR.png\"><img loading=\"lazy\" decoding=\"async\" width=\"499\" height=\"657\" src=\"https:\/\/blogdemarion.fr\/wp-content\/uploads\/2024\/11\/RiveGaucheR.png\" alt=\"\" class=\"wp-image-21924\" srcset=\"https:\/\/blogdemarion.fr\/wp-content\/uploads\/2024\/11\/RiveGaucheR.png 499w, https:\/\/blogdemarion.fr\/wp-content\/uploads\/2024\/11\/RiveGaucheR-228x300.png 228w\" sizes=\"auto, (max-width: 499px) 100vw, 499px\" \/><\/a><\/figure><\/div>\n\n\n<p>Rouge comme<strong> le Moulin Rouge<\/strong>, \u00e0 Montmartre.<\/p>\n\n\n<div class=\"wp-block-image\">\n<figure class=\"aligncenter size-full\"><a href=\"https:\/\/blogdemarion.fr\/wp-content\/uploads\/2024\/11\/MoulinRouge.png\"><img loading=\"lazy\" decoding=\"async\" width=\"662\" height=\"561\" src=\"https:\/\/blogdemarion.fr\/wp-content\/uploads\/2024\/11\/MoulinRouge.png\" alt=\"\" class=\"wp-image-21920\" srcset=\"https:\/\/blogdemarion.fr\/wp-content\/uploads\/2024\/11\/MoulinRouge.png 662w, https:\/\/blogdemarion.fr\/wp-content\/uploads\/2024\/11\/MoulinRouge-300x254.png 300w\" sizes=\"auto, (max-width: 662px) 100vw, 662px\" \/><\/a><\/figure><\/div>\n\n\n<p><em>Au N\u00b094 bd de Clichy se trouvait en 1850 le bal de la Reine blanche o\u00f9 les ouvri\u00e8res venait se divertirent apr\u00e8s le travail. Le 6 Octobre 1889, Joseph Oller, fondateur de l\u2019Olympia et Charles Zidler y ouvrirent un nouveau bal, le Moulin Rouge. Il f\u00fbt rapidement tr\u00e8s pris\u00e9 gr\u00e2ce \u00e0 son attraction principale&nbsp;: le quadrille naturaliste dit le French cancan, jug\u00e9 tr\u00e8s provoquant.<\/em><\/p>\n\n\n\n<p>Rouge, comme le rouge \u00e0 l\u00e8vres culte Dior n\u00b0999 dans <strong>les beaux quartiers.<\/strong><\/p>\n\n\n<div class=\"wp-block-image\">\n<figure class=\"aligncenter size-full\"><a href=\"https:\/\/blogdemarion.fr\/wp-content\/uploads\/2024\/11\/BeauxQuartiersR.png\"><img loading=\"lazy\" decoding=\"async\" width=\"644\" height=\"541\" src=\"https:\/\/blogdemarion.fr\/wp-content\/uploads\/2024\/11\/BeauxQuartiersR.png\" alt=\"\" class=\"wp-image-21925\" srcset=\"https:\/\/blogdemarion.fr\/wp-content\/uploads\/2024\/11\/BeauxQuartiersR.png 644w, https:\/\/blogdemarion.fr\/wp-content\/uploads\/2024\/11\/BeauxQuartiersR-300x252.png 300w\" sizes=\"auto, (max-width: 644px) 100vw, 644px\" \/><\/a><\/figure><\/div>\n\n\n<p>Rouge sang comme la r\u00e9volution \u00e0 <strong>Bastille.<\/strong><\/p>\n\n\n<div class=\"wp-block-image\">\n<figure class=\"aligncenter size-full\"><a href=\"https:\/\/blogdemarion.fr\/wp-content\/uploads\/2024\/11\/BastilleR.png\"><img loading=\"lazy\" decoding=\"async\" width=\"661\" height=\"396\" src=\"https:\/\/blogdemarion.fr\/wp-content\/uploads\/2024\/11\/BastilleR.png\" alt=\"\" class=\"wp-image-21927\" srcset=\"https:\/\/blogdemarion.fr\/wp-content\/uploads\/2024\/11\/BastilleR.png 661w, https:\/\/blogdemarion.fr\/wp-content\/uploads\/2024\/11\/BastilleR-300x180.png 300w\" sizes=\"auto, (max-width: 661px) 100vw, 661px\" \/><\/a><\/figure><\/div>\n\n\n<p><em>En 1982, le pr\u00e9sent Fran\u00e7ois Mitterrand souhaita cr\u00e9er un nouvel op\u00e9ra \u00e0 Paris. Le site retenu fut l\u2019ancienne gare de la Bastille qui desservait autrefois la banlieue et \u00e9tait d\u00e9saffect\u00e9e depuis 1969, \u00e0 ma suite de la mise en service du RER. La grande salle en granit bleu comporte 2703 places, b\u00e9n\u00e9ficiant toutes d\u2019une vision frontale sans l\u2019obstacle de piliers. Les fauteuils en bois de poirier font r\u00e9f\u00e9rence aux instruments \u00e0 corde, leur velours noir \u00e9voque le piano et les habits des musiciens.<\/em><\/p>\n\n\n\n<p>Rouge comme l&rsquo;aur\u00e9ole de Marie sur la rosace de <strong>Notre Dame, au c\u0153ur de Paris.<\/strong><\/p>\n\n\n<div class=\"wp-block-image\">\n<figure class=\"aligncenter size-full\"><a href=\"https:\/\/blogdemarion.fr\/wp-content\/uploads\/2024\/11\/CoeurParisR.png\"><img loading=\"lazy\" decoding=\"async\" width=\"612\" height=\"654\" src=\"https:\/\/blogdemarion.fr\/wp-content\/uploads\/2024\/11\/CoeurParisR.png\" alt=\"\" class=\"wp-image-21928\" srcset=\"https:\/\/blogdemarion.fr\/wp-content\/uploads\/2024\/11\/CoeurParisR.png 612w, https:\/\/blogdemarion.fr\/wp-content\/uploads\/2024\/11\/CoeurParisR-281x300.png 281w\" sizes=\"auto, (max-width: 612px) 100vw, 612px\" \/><\/a><\/figure><\/div>\n\n\n<p>Rouge comme l&rsquo;\u00e9carlate de la <strong>manufacture des Gobelins<\/strong>, proche du <strong>Panth\u00e9on.<\/strong><\/p>\n\n\n<div class=\"wp-block-image\">\n<figure class=\"aligncenter size-full\"><a href=\"https:\/\/blogdemarion.fr\/wp-content\/uploads\/2024\/11\/GobelinsR.png\"><img loading=\"lazy\" decoding=\"async\" width=\"651\" height=\"589\" src=\"https:\/\/blogdemarion.fr\/wp-content\/uploads\/2024\/11\/GobelinsR.png\" alt=\"\" class=\"wp-image-21922\" srcset=\"https:\/\/blogdemarion.fr\/wp-content\/uploads\/2024\/11\/GobelinsR.png 651w, https:\/\/blogdemarion.fr\/wp-content\/uploads\/2024\/11\/GobelinsR-300x271.png 300w\" sizes=\"auto, (max-width: 651px) 100vw, 651px\" \/><\/a><\/figure><\/div>\n\n\n<p><em>La famille des Gobelins, teinturiers en \u00e9carlate, s\u2019installa d\u00e8s 1443 sur les bords de la Bi\u00e8vre, dans le faubourg Saint-Marcel. Jean Gobelin exploita un proc\u00e9d\u00e9 de teinture \u00e9carlate de la laine invent\u00e9 par son fr\u00e8re Gilles, dont le secret de fabrication f\u00fbt jalousement conserv\u00e9 par plusieurs g\u00e9n\u00e9rations.<\/em><\/p>\n\n\n\n<p>Et rouge comme les pantalons de certains visiteurs du <strong>Panth\u00e9on<\/strong> !<\/p>\n\n\n<div class=\"wp-block-image\">\n<figure class=\"aligncenter size-full\"><a href=\"https:\/\/blogdemarion.fr\/wp-content\/uploads\/2024\/12\/IMG_0356.jpg\"><img loading=\"lazy\" decoding=\"async\" width=\"640\" height=\"480\" src=\"https:\/\/blogdemarion.fr\/wp-content\/uploads\/2024\/12\/IMG_0356.jpg\" alt=\"\" class=\"wp-image-22101\" srcset=\"https:\/\/blogdemarion.fr\/wp-content\/uploads\/2024\/12\/IMG_0356.jpg 640w, https:\/\/blogdemarion.fr\/wp-content\/uploads\/2024\/12\/IMG_0356-300x225.jpg 300w\" sizes=\"auto, (max-width: 640px) 100vw, 640px\" \/><\/a><figcaption class=\"wp-element-caption\"><sup><em>Paris, 22 Janvier 2017<\/em><\/sup><\/figcaption><\/figure><\/div>\n\n<div class=\"wp-block-image\">\n<figure class=\"aligncenter size-full\"><a href=\"https:\/\/blogdemarion.fr\/wp-content\/uploads\/2024\/12\/IMG_0360.jpg\"><img loading=\"lazy\" decoding=\"async\" width=\"640\" height=\"480\" src=\"https:\/\/blogdemarion.fr\/wp-content\/uploads\/2024\/12\/IMG_0360.jpg\" alt=\"\" class=\"wp-image-22102\" srcset=\"https:\/\/blogdemarion.fr\/wp-content\/uploads\/2024\/12\/IMG_0360.jpg 640w, https:\/\/blogdemarion.fr\/wp-content\/uploads\/2024\/12\/IMG_0360-300x225.jpg 300w\" sizes=\"auto, (max-width: 640px) 100vw, 640px\" \/><\/a><figcaption class=\"wp-element-caption\"><sup><em>Paris, 22 Janvier 2017<\/em><\/sup><\/figcaption><\/figure><\/div>\n\n\n<p>Toute une palette de rouges et de petites histoires pour nous aider \u00e0 patienter jusqu&rsquo;\u00e0 la venue du P\u00e8re No\u00ebl !<\/p>\n","protected":false},"excerpt":{"rendered":"<p>Le P\u00e8re No\u00ebl est toujours de rouge v\u00eatu. Alors revisitons les grands lieux de Paris avec cette belle couleur. Rouge comme la Tour Eiffel \u00e0 ses d\u00e9buts, sur la rive gauche. Rouge comme le Moulin Rouge, \u00e0 Montmartre. Au N\u00b094 bd de Clichy se trouvait en 1850 le bal de la Reine blanche o\u00f9 les &hellip; <a href=\"https:\/\/blogdemarion.fr\/?p=21533\">Continue reading <span class=\"meta-nav\">&rarr;<\/span><\/a><\/p>\n","protected":false},"author":3,"featured_media":0,"comment_status":"open","ping_status":"closed","sticky":false,"template":"","format":"standard","meta":{"footnotes":""},"categories":[1],"tags":[32],"class_list":["post-21533","post","type-post","status-publish","format-standard","hentry","category-non-classe","tag-avent24"],"_links":{"self":[{"href":"https:\/\/blogdemarion.fr\/index.php?rest_route=\/wp\/v2\/posts\/21533","targetHints":{"allow":["GET"]}}],"collection":[{"href":"https:\/\/blogdemarion.fr\/index.php?rest_route=\/wp\/v2\/posts"}],"about":[{"href":"https:\/\/blogdemarion.fr\/index.php?rest_route=\/wp\/v2\/types\/post"}],"author":[{"embeddable":true,"href":"https:\/\/blogdemarion.fr\/index.php?rest_route=\/wp\/v2\/users\/3"}],"replies":[{"embeddable":true,"href":"https:\/\/blogdemarion.fr\/index.php?rest_route=%2Fwp%2Fv2%2Fcomments&post=21533"}],"version-history":[{"count":18,"href":"https:\/\/blogdemarion.fr\/index.php?rest_route=\/wp\/v2\/posts\/21533\/revisions"}],"predecessor-version":[{"id":22105,"href":"https:\/\/blogdemarion.fr\/index.php?rest_route=\/wp\/v2\/posts\/21533\/revisions\/22105"}],"wp:attachment":[{"href":"https:\/\/blogdemarion.fr\/index.php?rest_route=%2Fwp%2Fv2%2Fmedia&parent=21533"}],"wp:term":[{"taxonomy":"category","embeddable":true,"href":"https:\/\/blogdemarion.fr\/index.php?rest_route=%2Fwp%2Fv2%2Fcategories&post=21533"},{"taxonomy":"post_tag","embeddable":true,"href":"https:\/\/blogdemarion.fr\/index.php?rest_route=%2Fwp%2Fv2%2Ftags&post=21533"}],"curies":[{"name":"wp","href":"https:\/\/api.w.org\/{rel}","templated":true}]}}