{"id":21530,"date":"2024-12-18T00:10:06","date_gmt":"2024-12-17T23:10:06","guid":{"rendered":"https:\/\/blogdemarion.fr\/?p=21530"},"modified":"2024-11-28T19:00:47","modified_gmt":"2024-11-28T18:00:47","slug":"18-avent-2024-la-neige","status":"publish","type":"post","link":"https:\/\/blogdemarion.fr\/?p=21530","title":{"rendered":"18. Avent 2024 : La neige"},"content":{"rendered":"\n<figure class=\"wp-block-image size-full\"><a href=\"https:\/\/blogdemarion.fr\/wp-content\/uploads\/2024\/11\/Diapositive19.jpg\"><img loading=\"lazy\" decoding=\"async\" width=\"640\" height=\"400\" src=\"https:\/\/blogdemarion.fr\/wp-content\/uploads\/2024\/11\/Diapositive19.jpg\" alt=\"\" class=\"wp-image-21531\" srcset=\"https:\/\/blogdemarion.fr\/wp-content\/uploads\/2024\/11\/Diapositive19.jpg 640w, https:\/\/blogdemarion.fr\/wp-content\/uploads\/2024\/11\/Diapositive19-300x188.jpg 300w\" sizes=\"auto, (max-width: 640px) 100vw, 640px\" \/><\/a><\/figure>\n\n\n\n<p>L&rsquo;hiver, il fait froid \u00e0 Paris mais rares sont les jours de <strong>neige<\/strong>.<\/p>\n\n\n<div class=\"wp-block-image\">\n<figure class=\"aligncenter size-full\"><a href=\"https:\/\/blogdemarion.fr\/wp-content\/uploads\/2024\/12\/IMG_0351.jpg\"><img loading=\"lazy\" decoding=\"async\" width=\"640\" height=\"480\" src=\"https:\/\/blogdemarion.fr\/wp-content\/uploads\/2024\/12\/IMG_0351.jpg\" alt=\"\" class=\"wp-image-22107\" srcset=\"https:\/\/blogdemarion.fr\/wp-content\/uploads\/2024\/12\/IMG_0351.jpg 640w, https:\/\/blogdemarion.fr\/wp-content\/uploads\/2024\/12\/IMG_0351-300x225.jpg 300w\" sizes=\"auto, (max-width: 640px) 100vw, 640px\" \/><\/a><figcaption class=\"wp-element-caption\"><sub><em>Paris, Jardin du Luxembourg, 22 Janvier 2017<\/em><\/sub><\/figcaption><\/figure><\/div>\n\n\n<p>Pourtant, un matin de F\u00e9vrier 2018, &#8230;<\/p>\n\n\n\n<p class=\"has-text-align-center\">\u00ab\u00a0Paris sous la neige<br>A l&rsquo;air d&rsquo;un enfant<br>Emmitoufl\u00e9, endimanch\u00e9<br>Tremblant de salir son manteau blanc\u00a0\u00bb<\/p>\n\n\n<div class=\"wp-block-image\">\n<figure class=\"aligncenter size-full\"><a href=\"https:\/\/blogdemarion.fr\/wp-content\/uploads\/2024\/11\/IMG_1086.jpg\"><img loading=\"lazy\" decoding=\"async\" width=\"640\" height=\"480\" src=\"https:\/\/blogdemarion.fr\/wp-content\/uploads\/2024\/11\/IMG_1086.jpg\" alt=\"\" class=\"wp-image-21553\" srcset=\"https:\/\/blogdemarion.fr\/wp-content\/uploads\/2024\/11\/IMG_1086.jpg 640w, https:\/\/blogdemarion.fr\/wp-content\/uploads\/2024\/11\/IMG_1086-300x225.jpg 300w\" sizes=\"auto, (max-width: 640px) 100vw, 640px\" \/><\/a><figcaption class=\"wp-element-caption\"><sub><em>Paris, 7 F\u00e9vrier 2018<\/em><\/sub><\/figcaption><\/figure><\/div>\n\n\n<p class=\"has-text-align-center\"><br>\u00ab\u00a0Et puis, la pluie<br>Vient changer le d\u00e9cor<br>Balayant le r\u00eave<br>C&rsquo;est fini, la f\u00e9\u00e9rie<br>Et Paris a repris ses murs gris\u00a0\u00bb<\/p>\n\n\n<div class=\"wp-block-image\">\n<figure class=\"aligncenter size-full\"><a href=\"https:\/\/blogdemarion.fr\/wp-content\/uploads\/2024\/11\/IMG_1085.jpg\"><img loading=\"lazy\" decoding=\"async\" width=\"640\" height=\"480\" src=\"https:\/\/blogdemarion.fr\/wp-content\/uploads\/2024\/11\/IMG_1085.jpg\" alt=\"\" class=\"wp-image-21552\" srcset=\"https:\/\/blogdemarion.fr\/wp-content\/uploads\/2024\/11\/IMG_1085.jpg 640w, https:\/\/blogdemarion.fr\/wp-content\/uploads\/2024\/11\/IMG_1085-300x225.jpg 300w\" sizes=\"auto, (max-width: 640px) 100vw, 640px\" \/><\/a><figcaption class=\"wp-element-caption\"><sub><em>Paris, 9 F\u00e9vrier 2018<\/em><\/sub><\/figcaption><\/figure><\/div>\n\n\n<p>Mais dans les temps anciens, &#8230;.<\/p>\n\n\n<div style=\"width: 510px;\" class=\"wp-video\"><!--[if lt IE 9]><script>document.createElement('video');<\/script><![endif]-->\n<video class=\"wp-video-shortcode\" id=\"video-21530-1\" width=\"510\" height=\"383\" preload=\"metadata\" controls=\"controls\"><source type=\"video\/mp4\" src=\"https:\/\/blogdemarion.fr\/musique\/ParisSousLaNeige.mp4?_=1\" \/><a href=\"https:\/\/blogdemarion.fr\/musique\/ParisSousLaNeige.mp4\">https:\/\/blogdemarion.fr\/musique\/ParisSousLaNeige.mp4<\/a><\/video><\/div>\n\n\n<p>Bref, il faut savoir \u00eatre \u00e0 sa fen\u00eatre \u00ab\u00a0Le Jour J\u00a0\u00bb, dixit \u00ab\u00a0Le Four Cosmique\u00a0\u00bb.<\/p>\n\n\n\n<p class=\"has-text-align-center\"><div style=\"width: 240px;\" class=\"wp-video\"><video class=\"wp-video-shortcode\" id=\"video-21530-2\" width=\"240\" height=\"424\" preload=\"metadata\" controls=\"controls\"><source type=\"video\/mp4\" src=\"https:\/\/blogdemarion.fr\/musique\/NeigeParis21Nov24.mp4?_=2\" \/><a href=\"https:\/\/blogdemarion.fr\/musique\/NeigeParis21Nov24.mp4\">https:\/\/blogdemarion.fr\/musique\/NeigeParis21Nov24.mp4<\/a><\/video><\/div>\n<p class=\"has-text-align-center\"><strong>La neige c&rsquo;est la f\u00eate, la neige c&rsquo;est la joie<\/strong>, comme No\u00ebl qui arrive.<\/p><\/p>\n\n\n\n<p><\/p>\n","protected":false},"excerpt":{"rendered":"<p>L&rsquo;hiver, il fait froid \u00e0 Paris mais rares sont les jours de neige. Pourtant, un matin de F\u00e9vrier 2018, &#8230; \u00ab\u00a0Paris sous la neigeA l&rsquo;air d&rsquo;un enfantEmmitoufl\u00e9, endimanch\u00e9Tremblant de salir son manteau blanc\u00a0\u00bb \u00ab\u00a0Et puis, la pluieVient changer le d\u00e9corBalayant le r\u00eaveC&rsquo;est fini, la f\u00e9\u00e9rieEt Paris a repris ses murs gris\u00a0\u00bb Mais dans les temps &hellip; <a href=\"https:\/\/blogdemarion.fr\/?p=21530\">Continue reading <span class=\"meta-nav\">&rarr;<\/span><\/a><\/p>\n","protected":false},"author":3,"featured_media":0,"comment_status":"open","ping_status":"closed","sticky":false,"template":"","format":"standard","meta":{"footnotes":""},"categories":[1],"tags":[32],"class_list":["post-21530","post","type-post","status-publish","format-standard","hentry","category-non-classe","tag-avent24"],"_links":{"self":[{"href":"https:\/\/blogdemarion.fr\/index.php?rest_route=\/wp\/v2\/posts\/21530","targetHints":{"allow":["GET"]}}],"collection":[{"href":"https:\/\/blogdemarion.fr\/index.php?rest_route=\/wp\/v2\/posts"}],"about":[{"href":"https:\/\/blogdemarion.fr\/index.php?rest_route=\/wp\/v2\/types\/post"}],"author":[{"embeddable":true,"href":"https:\/\/blogdemarion.fr\/index.php?rest_route=\/wp\/v2\/users\/3"}],"replies":[{"embeddable":true,"href":"https:\/\/blogdemarion.fr\/index.php?rest_route=%2Fwp%2Fv2%2Fcomments&post=21530"}],"version-history":[{"count":17,"href":"https:\/\/blogdemarion.fr\/index.php?rest_route=\/wp\/v2\/posts\/21530\/revisions"}],"predecessor-version":[{"id":22108,"href":"https:\/\/blogdemarion.fr\/index.php?rest_route=\/wp\/v2\/posts\/21530\/revisions\/22108"}],"wp:attachment":[{"href":"https:\/\/blogdemarion.fr\/index.php?rest_route=%2Fwp%2Fv2%2Fmedia&parent=21530"}],"wp:term":[{"taxonomy":"category","embeddable":true,"href":"https:\/\/blogdemarion.fr\/index.php?rest_route=%2Fwp%2Fv2%2Fcategories&post=21530"},{"taxonomy":"post_tag","embeddable":true,"href":"https:\/\/blogdemarion.fr\/index.php?rest_route=%2Fwp%2Fv2%2Ftags&post=21530"}],"curies":[{"name":"wp","href":"https:\/\/api.w.org\/{rel}","templated":true}]}}