{"id":21481,"date":"2024-12-17T00:10:08","date_gmt":"2024-12-16T23:10:08","guid":{"rendered":"https:\/\/blogdemarion.fr\/?p=21481"},"modified":"2024-11-25T21:05:15","modified_gmt":"2024-11-25T20:05:15","slug":"17-avent-2024-les-vitraux","status":"publish","type":"post","link":"https:\/\/blogdemarion.fr\/?p=21481","title":{"rendered":"17. Avent 2024 : Les vitraux"},"content":{"rendered":"\n<figure class=\"wp-block-image size-full\"><a href=\"https:\/\/blogdemarion.fr\/wp-content\/uploads\/2024\/10\/Diapositive18.jpg\"><img loading=\"lazy\" decoding=\"async\" width=\"640\" height=\"400\" src=\"https:\/\/blogdemarion.fr\/wp-content\/uploads\/2024\/10\/Diapositive18.jpg\" alt=\"\" class=\"wp-image-21482\" srcset=\"https:\/\/blogdemarion.fr\/wp-content\/uploads\/2024\/10\/Diapositive18.jpg 640w, https:\/\/blogdemarion.fr\/wp-content\/uploads\/2024\/10\/Diapositive18-300x188.jpg 300w\" sizes=\"auto, (max-width: 640px) 100vw, 640px\" \/><\/a><\/figure>\n\n\n\n<p>Qui dit <strong>vitraux<\/strong>, dit g\u00e9n\u00e9ralement \u00e9glises. <\/p>\n\n\n\n<p>Parmi toutes les \u00e9glises de la capitale, c&rsquo;est celle de Saint S\u00e9verin qui nous accueille aujourd&rsquo;hui.<\/p>\n\n\n<div class=\"wp-block-image\">\n<figure class=\"aligncenter size-full\"><a href=\"https:\/\/blogdemarion.fr\/wp-content\/uploads\/2024\/11\/StSeverin.jpg\"><img loading=\"lazy\" decoding=\"async\" width=\"480\" height=\"640\" src=\"https:\/\/blogdemarion.fr\/wp-content\/uploads\/2024\/11\/StSeverin.jpg\" alt=\"\" class=\"wp-image-21507\" srcset=\"https:\/\/blogdemarion.fr\/wp-content\/uploads\/2024\/11\/StSeverin.jpg 480w, https:\/\/blogdemarion.fr\/wp-content\/uploads\/2024\/11\/StSeverin-225x300.jpg 225w\" sizes=\"auto, (max-width: 480px) 100vw, 480px\" \/><\/a><figcaption class=\"wp-element-caption\"><sub><em>Paris, 14 Juillet 2021<\/em><\/sub><\/figcaption><\/figure><\/div>\n\n\n<p>Nous pouvons y admirer des <strong>vitraux <\/strong>singuliers, des<strong> vitraux contemporains<\/strong>, ceux de Jean Bazaine. Ils lui ont \u00e9t\u00e9 command\u00e9s il y a tout juste 60 ans par le cur\u00e9 de la paroisse.<\/p>\n\n\n<div class=\"wp-block-image\">\n<figure class=\"aligncenter size-full\"><a href=\"https:\/\/blogdemarion.fr\/wp-content\/uploads\/2024\/11\/IMG_1510.jpg\"><img loading=\"lazy\" decoding=\"async\" width=\"480\" height=\"640\" src=\"https:\/\/blogdemarion.fr\/wp-content\/uploads\/2024\/11\/IMG_1510.jpg\" alt=\"\" class=\"wp-image-21508\" srcset=\"https:\/\/blogdemarion.fr\/wp-content\/uploads\/2024\/11\/IMG_1510.jpg 480w, https:\/\/blogdemarion.fr\/wp-content\/uploads\/2024\/11\/IMG_1510-225x300.jpg 225w\" sizes=\"auto, (max-width: 480px) 100vw, 480px\" \/><\/a><figcaption class=\"wp-element-caption\"><sub><em>Paris, 14 Juillet 2021<\/em><\/sub><\/figcaption><\/figure><\/div>\n\n\n<p class=\"has-text-align-center\">Naissance \u00e0 la vie chr\u00e9tienne, le Bapt\u00eame<\/p>\n\n\n<div class=\"wp-block-image\">\n<figure class=\"aligncenter size-full\"><a href=\"https:\/\/blogdemarion.fr\/wp-content\/uploads\/2024\/11\/Bapteme12.jpg\"><img loading=\"lazy\" decoding=\"async\" width=\"300\" height=\"299\" src=\"https:\/\/blogdemarion.fr\/wp-content\/uploads\/2024\/11\/Bapteme12.jpg\" alt=\"\" class=\"wp-image-21517\" srcset=\"https:\/\/blogdemarion.fr\/wp-content\/uploads\/2024\/11\/Bapteme12.jpg 300w, https:\/\/blogdemarion.fr\/wp-content\/uploads\/2024\/11\/Bapteme12-150x150.jpg 150w\" sizes=\"auto, (max-width: 300px) 100vw, 300px\" \/><\/a><\/figure><\/div>\n\n\n<p class=\"has-text-align-center\">Source de la vie chr\u00e9tienne, l&rsquo;Eucharistie<\/p>\n\n\n<div class=\"wp-block-image\">\n<figure class=\"aligncenter size-full\"><a href=\"https:\/\/blogdemarion.fr\/wp-content\/uploads\/2024\/11\/Eucharistie.jpg\"><img loading=\"lazy\" decoding=\"async\" width=\"300\" height=\"321\" src=\"https:\/\/blogdemarion.fr\/wp-content\/uploads\/2024\/11\/Eucharistie.jpg\" alt=\"\" class=\"wp-image-21519\" srcset=\"https:\/\/blogdemarion.fr\/wp-content\/uploads\/2024\/11\/Eucharistie.jpg 300w, https:\/\/blogdemarion.fr\/wp-content\/uploads\/2024\/11\/Eucharistie-280x300.jpg 280w\" sizes=\"auto, (max-width: 300px) 100vw, 300px\" \/><\/a><\/figure><\/div>\n\n\n<p class=\"has-text-align-center\">La force pour t\u00e9moigner, la Confirmation<\/p>\n\n\n<div class=\"wp-block-image\">\n<figure class=\"aligncenter size-full\"><a href=\"https:\/\/blogdemarion.fr\/wp-content\/uploads\/2024\/11\/Confirmation1.jpg\"><img loading=\"lazy\" decoding=\"async\" width=\"300\" height=\"316\" src=\"https:\/\/blogdemarion.fr\/wp-content\/uploads\/2024\/11\/Confirmation1.jpg\" alt=\"\" class=\"wp-image-21518\" srcset=\"https:\/\/blogdemarion.fr\/wp-content\/uploads\/2024\/11\/Confirmation1.jpg 300w, https:\/\/blogdemarion.fr\/wp-content\/uploads\/2024\/11\/Confirmation1-285x300.jpg 285w\" sizes=\"auto, (max-width: 300px) 100vw, 300px\" \/><\/a><\/figure><\/div>\n\n\n<p class=\"has-text-align-center\">Magnifier l\u2019amour, le Mariage<\/p>\n\n\n<div class=\"wp-block-image\">\n<figure class=\"aligncenter size-full\"><a href=\"https:\/\/blogdemarion.fr\/wp-content\/uploads\/2024\/11\/Mariage.jpg\"><img loading=\"lazy\" decoding=\"async\" width=\"300\" height=\"294\" src=\"https:\/\/blogdemarion.fr\/wp-content\/uploads\/2024\/11\/Mariage.jpg\" alt=\"\" class=\"wp-image-21520\" \/><\/a><\/figure><\/div>\n\n\n<p class=\"has-text-align-center\">Au service de la communaut\u00e9, l&rsquo;Ordre<\/p>\n\n\n<div class=\"wp-block-image\">\n<figure class=\"aligncenter size-full\"><a href=\"https:\/\/blogdemarion.fr\/wp-content\/uploads\/2024\/11\/Ordre1.jpg\"><img loading=\"lazy\" decoding=\"async\" width=\"174\" height=\"300\" src=\"https:\/\/blogdemarion.fr\/wp-content\/uploads\/2024\/11\/Ordre1.jpg\" alt=\"\" class=\"wp-image-21526\" \/><\/a><\/figure><\/div>\n\n\n<p class=\"has-text-align-center\">Pour un c\u0153ur nouveau, la R\u00e9conciliation <\/p>\n\n\n<div class=\"wp-block-image\">\n<figure class=\"aligncenter size-full\"><a href=\"https:\/\/blogdemarion.fr\/wp-content\/uploads\/2024\/11\/Penitence.jpg\"><img loading=\"lazy\" decoding=\"async\" width=\"174\" height=\"300\" src=\"https:\/\/blogdemarion.fr\/wp-content\/uploads\/2024\/11\/Penitence.jpg\" alt=\"\" class=\"wp-image-21522\" \/><\/a><\/figure><\/div>\n\n\n<p class=\"has-text-align-center\">Paix et r\u00e9confort, pour les Malades<\/p>\n\n\n<div class=\"wp-block-image\">\n<figure class=\"aligncenter size-full\"><a href=\"https:\/\/blogdemarion.fr\/wp-content\/uploads\/2024\/11\/Malades1.jpg\"><img loading=\"lazy\" decoding=\"async\" width=\"500\" height=\"306\" src=\"https:\/\/blogdemarion.fr\/wp-content\/uploads\/2024\/11\/Malades1.jpg\" alt=\"\" class=\"wp-image-21527\" srcset=\"https:\/\/blogdemarion.fr\/wp-content\/uploads\/2024\/11\/Malades1.jpg 500w, https:\/\/blogdemarion.fr\/wp-content\/uploads\/2024\/11\/Malades1-300x184.jpg 300w\" sizes=\"auto, (max-width: 500px) 100vw, 500px\" \/><\/a><\/figure><\/div>\n\n\n<p>De magnifiques couleurs pour t\u00e9moigner des 7 sacrements de l&rsquo;\u00e9glise catholique et colorer notre calendrier de l&rsquo;Avent Parisien.<\/p>\n","protected":false},"excerpt":{"rendered":"<p>Qui dit vitraux, dit g\u00e9n\u00e9ralement \u00e9glises. Parmi toutes les \u00e9glises de la capitale, c&rsquo;est celle de Saint S\u00e9verin qui nous accueille aujourd&rsquo;hui. Nous pouvons y admirer des vitraux singuliers, des vitraux contemporains, ceux de Jean Bazaine. Ils lui ont \u00e9t\u00e9 command\u00e9s il y a tout juste 60 ans par le cur\u00e9 de la paroisse. Naissance &hellip; <a href=\"https:\/\/blogdemarion.fr\/?p=21481\">Continue reading <span class=\"meta-nav\">&rarr;<\/span><\/a><\/p>\n","protected":false},"author":3,"featured_media":0,"comment_status":"open","ping_status":"closed","sticky":false,"template":"","format":"standard","meta":{"footnotes":""},"categories":[1],"tags":[32],"class_list":["post-21481","post","type-post","status-publish","format-standard","hentry","category-non-classe","tag-avent24"],"_links":{"self":[{"href":"https:\/\/blogdemarion.fr\/index.php?rest_route=\/wp\/v2\/posts\/21481","targetHints":{"allow":["GET"]}}],"collection":[{"href":"https:\/\/blogdemarion.fr\/index.php?rest_route=\/wp\/v2\/posts"}],"about":[{"href":"https:\/\/blogdemarion.fr\/index.php?rest_route=\/wp\/v2\/types\/post"}],"author":[{"embeddable":true,"href":"https:\/\/blogdemarion.fr\/index.php?rest_route=\/wp\/v2\/users\/3"}],"replies":[{"embeddable":true,"href":"https:\/\/blogdemarion.fr\/index.php?rest_route=%2Fwp%2Fv2%2Fcomments&post=21481"}],"version-history":[{"count":13,"href":"https:\/\/blogdemarion.fr\/index.php?rest_route=\/wp\/v2\/posts\/21481\/revisions"}],"predecessor-version":[{"id":22064,"href":"https:\/\/blogdemarion.fr\/index.php?rest_route=\/wp\/v2\/posts\/21481\/revisions\/22064"}],"wp:attachment":[{"href":"https:\/\/blogdemarion.fr\/index.php?rest_route=%2Fwp%2Fv2%2Fmedia&parent=21481"}],"wp:term":[{"taxonomy":"category","embeddable":true,"href":"https:\/\/blogdemarion.fr\/index.php?rest_route=%2Fwp%2Fv2%2Fcategories&post=21481"},{"taxonomy":"post_tag","embeddable":true,"href":"https:\/\/blogdemarion.fr\/index.php?rest_route=%2Fwp%2Fv2%2Ftags&post=21481"}],"curies":[{"name":"wp","href":"https:\/\/api.w.org\/{rel}","templated":true}]}}