{"id":21478,"date":"2024-12-16T00:10:31","date_gmt":"2024-12-15T23:10:31","guid":{"rendered":"https:\/\/blogdemarion.fr\/?p=21478"},"modified":"2024-11-26T20:38:22","modified_gmt":"2024-11-26T19:38:22","slug":"16-avent-2024-les-souliers","status":"publish","type":"post","link":"https:\/\/blogdemarion.fr\/?p=21478","title":{"rendered":"16. Avent 2024 : Les souliers"},"content":{"rendered":"\n<figure class=\"wp-block-image size-full\"><a href=\"https:\/\/blogdemarion.fr\/wp-content\/uploads\/2024\/10\/Diapositive17.jpg\"><img loading=\"lazy\" decoding=\"async\" width=\"640\" height=\"400\" src=\"https:\/\/blogdemarion.fr\/wp-content\/uploads\/2024\/10\/Diapositive17.jpg\" alt=\"\" class=\"wp-image-21479\" srcset=\"https:\/\/blogdemarion.fr\/wp-content\/uploads\/2024\/10\/Diapositive17.jpg 640w, https:\/\/blogdemarion.fr\/wp-content\/uploads\/2024\/10\/Diapositive17-300x188.jpg 300w\" sizes=\"auto, (max-width: 640px) 100vw, 640px\" \/><\/a><\/figure>\n\n\n\n<p>Quels <strong>souliers<\/strong> les Parisiens des beaux quartiers mettent-ils sous leurs sapins ?<\/p>\n\n\n\n<p>Peut-\u00eatre des Louboutins ? Les connaissez-vous, ces immenses escarpins aux semelles rouges ? Le mus\u00e9e de la chaussure \u00e0 Romans en a acquis une dr\u00f4le de paire cette ann\u00e9e, pour parfaire sa collection.<\/p>\n\n\n<div class=\"wp-block-image\">\n<figure class=\"aligncenter size-full\"><a href=\"https:\/\/blogdemarion.fr\/wp-content\/uploads\/2024\/11\/Louboutin.jpg\"><img loading=\"lazy\" decoding=\"async\" width=\"300\" height=\"411\" src=\"https:\/\/blogdemarion.fr\/wp-content\/uploads\/2024\/11\/Louboutin.jpg\" alt=\"\" class=\"wp-image-21499\" srcset=\"https:\/\/blogdemarion.fr\/wp-content\/uploads\/2024\/11\/Louboutin.jpg 300w, https:\/\/blogdemarion.fr\/wp-content\/uploads\/2024\/11\/Louboutin-219x300.jpg 219w\" sizes=\"auto, (max-width: 300px) 100vw, 300px\" \/><\/a><\/figure><\/div>\n\n\n<p>Il parait que son cr\u00e9ateur s&rsquo;est mis \u00e0 dessiner des chaussures quand il a d\u00e9couvert que certains mus\u00e9es \u00e9taient interdits aux talons aiguilles. <\/p>\n\n\n<div class=\"wp-block-image\">\n<figure class=\"aligncenter size-full\"><a href=\"https:\/\/blogdemarion.fr\/wp-content\/uploads\/2024\/12\/InterditTalons.png\"><img loading=\"lazy\" decoding=\"async\" width=\"332\" height=\"422\" src=\"https:\/\/blogdemarion.fr\/wp-content\/uploads\/2024\/12\/InterditTalons.png\" alt=\"\" class=\"wp-image-22065\" srcset=\"https:\/\/blogdemarion.fr\/wp-content\/uploads\/2024\/12\/InterditTalons.png 332w, https:\/\/blogdemarion.fr\/wp-content\/uploads\/2024\/12\/InterditTalons-236x300.png 236w\" sizes=\"auto, (max-width: 332px) 100vw, 332px\" \/><\/a><\/figure><\/div>\n\n\n<p>Et oui, cela abime les planchers et pour cause, la pression qu&rsquo;exerce un talon aiguille sur le sol est plus de 8 fois sup\u00e9rieure \u00e0 celle qu&rsquo;exercerait la patte d&rsquo;un \u00e9l\u00e9phant !<\/p>\n\n\n\n<p>Pour ceux qui pr\u00e9f\u00e8rent des talons un peu moins hauts, il y a toujours les petites ballerines Dior.<\/p>\n\n\n<div class=\"wp-block-image\">\n<figure class=\"aligncenter size-full is-resized\"><a href=\"https:\/\/blogdemarion.fr\/wp-content\/uploads\/2024\/11\/IMG_1461.jpg\"><img loading=\"lazy\" decoding=\"async\" width=\"640\" height=\"480\" src=\"https:\/\/blogdemarion.fr\/wp-content\/uploads\/2024\/11\/IMG_1461.jpg\" alt=\"\" class=\"wp-image-21500\" style=\"width:640px;height:auto\" srcset=\"https:\/\/blogdemarion.fr\/wp-content\/uploads\/2024\/11\/IMG_1461.jpg 640w, https:\/\/blogdemarion.fr\/wp-content\/uploads\/2024\/11\/IMG_1461-300x225.jpg 300w\" sizes=\"auto, (max-width: 640px) 100vw, 640px\" \/><\/a><figcaption class=\"wp-element-caption\"><sub><em>Paris, 14 Juillet 2021<\/em><\/sub><\/figcaption><\/figure><\/div>\n\n\n<p>Et au petit matin, que trouvent ces richissimes Parisiens dans leurs souliers ? Un bijou de chez Cartier !<\/p>\n\n\n<div class=\"wp-block-image\">\n<figure class=\"aligncenter size-full\"><a href=\"https:\/\/blogdemarion.fr\/wp-content\/uploads\/2024\/11\/Cartier.png\"><img loading=\"lazy\" decoding=\"async\" width=\"307\" height=\"195\" src=\"https:\/\/blogdemarion.fr\/wp-content\/uploads\/2024\/11\/Cartier.png\" alt=\"\" class=\"wp-image-21502\" srcset=\"https:\/\/blogdemarion.fr\/wp-content\/uploads\/2024\/11\/Cartier.png 307w, https:\/\/blogdemarion.fr\/wp-content\/uploads\/2024\/11\/Cartier-300x191.png 300w\" sizes=\"auto, (max-width: 307px) 100vw, 307px\" \/><\/a><\/figure><\/div>\n\n\n<p>Car oui, Paris est encore et toujours la <strong>capitale de la mode et de la cr\u00e9ation<\/strong>, 2024 marquant le cinquanti\u00e8me anniversaire de la semaine de la mode parisienne.<\/p>\n\n\n\n<p class=\"has-text-align-center\">Et comme disait Coco Chanel, \u00ab\u00a0Prenez mes id\u00e9es, j\u2019en aurai d\u2019autres.\u00a0\u00bb <\/p>\n\n\n\n<p><\/p>\n","protected":false},"excerpt":{"rendered":"<p>Quels souliers les Parisiens des beaux quartiers mettent-ils sous leurs sapins ? Peut-\u00eatre des Louboutins ? Les connaissez-vous, ces immenses escarpins aux semelles rouges ? Le mus\u00e9e de la chaussure \u00e0 Romans en a acquis une dr\u00f4le de paire cette ann\u00e9e, pour parfaire sa collection. Il parait que son cr\u00e9ateur s&rsquo;est mis \u00e0 dessiner des &hellip; <a href=\"https:\/\/blogdemarion.fr\/?p=21478\">Continue reading <span class=\"meta-nav\">&rarr;<\/span><\/a><\/p>\n","protected":false},"author":3,"featured_media":0,"comment_status":"open","ping_status":"closed","sticky":false,"template":"","format":"standard","meta":{"footnotes":""},"categories":[1],"tags":[32],"class_list":["post-21478","post","type-post","status-publish","format-standard","hentry","category-non-classe","tag-avent24"],"_links":{"self":[{"href":"https:\/\/blogdemarion.fr\/index.php?rest_route=\/wp\/v2\/posts\/21478","targetHints":{"allow":["GET"]}}],"collection":[{"href":"https:\/\/blogdemarion.fr\/index.php?rest_route=\/wp\/v2\/posts"}],"about":[{"href":"https:\/\/blogdemarion.fr\/index.php?rest_route=\/wp\/v2\/types\/post"}],"author":[{"embeddable":true,"href":"https:\/\/blogdemarion.fr\/index.php?rest_route=\/wp\/v2\/users\/3"}],"replies":[{"embeddable":true,"href":"https:\/\/blogdemarion.fr\/index.php?rest_route=%2Fwp%2Fv2%2Fcomments&post=21478"}],"version-history":[{"count":8,"href":"https:\/\/blogdemarion.fr\/index.php?rest_route=\/wp\/v2\/posts\/21478\/revisions"}],"predecessor-version":[{"id":22067,"href":"https:\/\/blogdemarion.fr\/index.php?rest_route=\/wp\/v2\/posts\/21478\/revisions\/22067"}],"wp:attachment":[{"href":"https:\/\/blogdemarion.fr\/index.php?rest_route=%2Fwp%2Fv2%2Fmedia&parent=21478"}],"wp:term":[{"taxonomy":"category","embeddable":true,"href":"https:\/\/blogdemarion.fr\/index.php?rest_route=%2Fwp%2Fv2%2Fcategories&post=21478"},{"taxonomy":"post_tag","embeddable":true,"href":"https:\/\/blogdemarion.fr\/index.php?rest_route=%2Fwp%2Fv2%2Ftags&post=21478"}],"curies":[{"name":"wp","href":"https:\/\/api.w.org\/{rel}","templated":true}]}}