{"id":21466,"date":"2024-12-15T00:10:12","date_gmt":"2024-12-14T23:10:12","guid":{"rendered":"https:\/\/blogdemarion.fr\/?p=21466"},"modified":"2024-12-15T08:05:11","modified_gmt":"2024-12-15T07:05:11","slug":"15-avent-2024-la-famille","status":"publish","type":"post","link":"https:\/\/blogdemarion.fr\/?p=21466","title":{"rendered":"15. Avent 2024 : La famille"},"content":{"rendered":"\n<figure class=\"wp-block-image size-full\"><a href=\"https:\/\/blogdemarion.fr\/wp-content\/uploads\/2024\/10\/Diapositive16.jpg\"><img loading=\"lazy\" decoding=\"async\" width=\"640\" height=\"400\" src=\"https:\/\/blogdemarion.fr\/wp-content\/uploads\/2024\/10\/Diapositive16.jpg\" alt=\"\" class=\"wp-image-21467\" srcset=\"https:\/\/blogdemarion.fr\/wp-content\/uploads\/2024\/10\/Diapositive16.jpg 640w, https:\/\/blogdemarion.fr\/wp-content\/uploads\/2024\/10\/Diapositive16-300x188.jpg 300w\" sizes=\"auto, (max-width: 640px) 100vw, 640px\" \/><\/a><\/figure>\n\n\n\n<p><strong>La famille<\/strong>, c&rsquo;est une longue histoire &#8230;<\/p>\n\n\n\n<p>Dans la famille \u00e0 Paris, il y a les visiteurs d&rsquo;un jour<\/p>\n\n\n<div class=\"wp-block-image\">\n<figure class=\"aligncenter size-full\"><a href=\"https:\/\/blogdemarion.fr\/wp-content\/uploads\/2024\/11\/Mamoun.jpg\"><img loading=\"lazy\" decoding=\"async\" width=\"480\" height=\"640\" src=\"https:\/\/blogdemarion.fr\/wp-content\/uploads\/2024\/11\/Mamoun.jpg\" alt=\"\" class=\"wp-image-21487\" srcset=\"https:\/\/blogdemarion.fr\/wp-content\/uploads\/2024\/11\/Mamoun.jpg 480w, https:\/\/blogdemarion.fr\/wp-content\/uploads\/2024\/11\/Mamoun-225x300.jpg 225w\" sizes=\"auto, (max-width: 480px) 100vw, 480px\" \/><\/a><figcaption class=\"wp-element-caption\"><sub><em>Paris, 17 F\u00e9vrier 2024<\/em><\/sub><\/figcaption><\/figure><\/div>\n\n\n<p>et les habitants du jour.<\/p>\n\n\n<div class=\"wp-block-image\">\n<figure class=\"aligncenter size-full\"><a href=\"https:\/\/blogdemarion.fr\/wp-content\/uploads\/2024\/11\/IMG_1504.jpg\"><img loading=\"lazy\" decoding=\"async\" width=\"640\" height=\"480\" src=\"https:\/\/blogdemarion.fr\/wp-content\/uploads\/2024\/11\/IMG_1504.jpg\" alt=\"\" class=\"wp-image-21489\" srcset=\"https:\/\/blogdemarion.fr\/wp-content\/uploads\/2024\/11\/IMG_1504.jpg 640w, https:\/\/blogdemarion.fr\/wp-content\/uploads\/2024\/11\/IMG_1504-300x225.jpg 300w\" sizes=\"auto, (max-width: 640px) 100vw, 640px\" \/><\/a><figcaption class=\"wp-element-caption\"><sub><em>Paris, 14 Juillet 2021<\/em><\/sub><\/figcaption><\/figure><\/div>\n\n\n<p>Il y a aussi les Parisiens d&rsquo;un temps,<\/p>\n\n\n<div class=\"wp-block-image\">\n<figure class=\"aligncenter size-full\"><a href=\"https:\/\/blogdemarion.fr\/wp-content\/uploads\/2024\/11\/IMG_0687.jpg\"><img loading=\"lazy\" decoding=\"async\" width=\"480\" height=\"640\" src=\"https:\/\/blogdemarion.fr\/wp-content\/uploads\/2024\/11\/IMG_0687.jpg\" alt=\"\" class=\"wp-image-21488\" srcset=\"https:\/\/blogdemarion.fr\/wp-content\/uploads\/2024\/11\/IMG_0687.jpg 480w, https:\/\/blogdemarion.fr\/wp-content\/uploads\/2024\/11\/IMG_0687-225x300.jpg 225w\" sizes=\"auto, (max-width: 480px) 100vw, 480px\" \/><\/a><figcaption class=\"wp-element-caption\"><sub><em>Paris, 2 Septembre 2017<\/em><\/sub><\/figcaption><\/figure><\/div>\n\n\n<p>et ceux d&rsquo;un temps plus ancien, r\u00e9sidants des greniers des beaux quartiers.<\/p>\n\n\n<div class=\"wp-block-image\">\n<figure class=\"aligncenter size-full\"><a href=\"https:\/\/blogdemarion.fr\/wp-content\/uploads\/2024\/11\/P1110522.jpg\"><img loading=\"lazy\" decoding=\"async\" width=\"640\" height=\"480\" src=\"https:\/\/blogdemarion.fr\/wp-content\/uploads\/2024\/11\/P1110522.jpg\" alt=\"\" class=\"wp-image-21490\" srcset=\"https:\/\/blogdemarion.fr\/wp-content\/uploads\/2024\/11\/P1110522.jpg 640w, https:\/\/blogdemarion.fr\/wp-content\/uploads\/2024\/11\/P1110522-300x225.jpg 300w\" sizes=\"auto, (max-width: 640px) 100vw, 640px\" \/><\/a><figcaption class=\"wp-element-caption\"><sub><em>Paris, 17 F\u00e9vrier 2024<\/em><\/sub><\/figcaption><\/figure><\/div>\n\n\n<p>Il y a aussi les travailleurs immigr\u00e9s<\/p>\n\n\n<div class=\"wp-block-image\">\n<figure class=\"aligncenter size-full\"><a href=\"https:\/\/blogdemarion.fr\/wp-content\/uploads\/2024\/11\/PapiJ.png\"><img loading=\"lazy\" decoding=\"async\" width=\"480\" height=\"590\" src=\"https:\/\/blogdemarion.fr\/wp-content\/uploads\/2024\/11\/PapiJ.png\" alt=\"\" class=\"wp-image-21491\" srcset=\"https:\/\/blogdemarion.fr\/wp-content\/uploads\/2024\/11\/PapiJ.png 480w, https:\/\/blogdemarion.fr\/wp-content\/uploads\/2024\/11\/PapiJ-244x300.png 244w\" sizes=\"auto, (max-width: 480px) 100vw, 480px\" \/><\/a><figcaption class=\"wp-element-caption\"><sub><em>Paris, 18 Avril 2019<\/em><\/sub><\/figcaption><\/figure><\/div>\n\n\n<p>et les madeleines de Proust (en l&rsquo;occurrence, plut\u00f4t la saveur des petits beurres Lu)<\/p>\n\n\n<div class=\"wp-block-image\">\n<figure class=\"aligncenter size-full\"><a href=\"https:\/\/blogdemarion.fr\/wp-content\/uploads\/2024\/11\/QAPG5820.jpg\"><img loading=\"lazy\" decoding=\"async\" width=\"640\" height=\"469\" src=\"https:\/\/blogdemarion.fr\/wp-content\/uploads\/2024\/11\/QAPG5820.jpg\" alt=\"\" class=\"wp-image-21492\" srcset=\"https:\/\/blogdemarion.fr\/wp-content\/uploads\/2024\/11\/QAPG5820.jpg 640w, https:\/\/blogdemarion.fr\/wp-content\/uploads\/2024\/11\/QAPG5820-300x220.jpg 300w\" sizes=\"auto, (max-width: 640px) 100vw, 640px\" \/><\/a><figcaption class=\"wp-element-caption\"><sub><em>Paris, Sophie &amp; Eric, 8 bis Rue de l&rsquo;Argonne, Ann\u00e9es 60<\/em><\/sub><\/figcaption><\/figure><\/div>\n\n<div class=\"wp-block-image\">\n<figure class=\"aligncenter size-full\"><a href=\"https:\/\/blogdemarion.fr\/wp-content\/uploads\/2024\/12\/RueArgonne.jpg\"><img loading=\"lazy\" decoding=\"async\" width=\"480\" height=\"640\" src=\"https:\/\/blogdemarion.fr\/wp-content\/uploads\/2024\/12\/RueArgonne.jpg\" alt=\"\" class=\"wp-image-22085\" srcset=\"https:\/\/blogdemarion.fr\/wp-content\/uploads\/2024\/12\/RueArgonne.jpg 480w, https:\/\/blogdemarion.fr\/wp-content\/uploads\/2024\/12\/RueArgonne-225x300.jpg 225w\" sizes=\"auto, (max-width: 480px) 100vw, 480px\" \/><\/a><figcaption class=\"wp-element-caption\"><sup><em>Paris, Rue de l&rsquo;Argonne, 21 Janvier 2017<\/em><\/sup><\/figcaption><\/figure><\/div>\n\n\n<p>Et puis, il y a les vrais Parisiens<\/p>\n\n\n<div class=\"wp-block-image\">\n<figure class=\"aligncenter size-full\"><a href=\"https:\/\/blogdemarion.fr\/wp-content\/uploads\/2024\/11\/GerardF.png\"><img loading=\"lazy\" decoding=\"async\" width=\"465\" height=\"640\" src=\"https:\/\/blogdemarion.fr\/wp-content\/uploads\/2024\/11\/GerardF.png\" alt=\"\" class=\"wp-image-21493\" srcset=\"https:\/\/blogdemarion.fr\/wp-content\/uploads\/2024\/11\/GerardF.png 465w, https:\/\/blogdemarion.fr\/wp-content\/uploads\/2024\/11\/GerardF-218x300.png 218w\" sizes=\"auto, (max-width: 465px) 100vw, 465px\" \/><\/a><figcaption class=\"wp-element-caption\"><sub><em>Paris, Fran\u00e7ois, Jeanne &amp; G\u00e9rard, Ann\u00e9es 50<\/em><\/sub><\/figcaption><\/figure><\/div>\n\n\n<p>\u00ab\u00a0<strong>Tu es de ma famille, tu es de ma famille, Croisons nos vies de temps en temps<\/strong>\u00a0\u00bb &#8211; Jean-Jacques Goldman, un temps Parisien.<\/p>\n","protected":false},"excerpt":{"rendered":"<p>La famille, c&rsquo;est une longue histoire &#8230; Dans la famille \u00e0 Paris, il y a les visiteurs d&rsquo;un jour et les habitants du jour. Il y a aussi les Parisiens d&rsquo;un temps, et ceux d&rsquo;un temps plus ancien, r\u00e9sidants des greniers des beaux quartiers. Il y a aussi les travailleurs immigr\u00e9s et les madeleines de &hellip; <a href=\"https:\/\/blogdemarion.fr\/?p=21466\">Continue reading <span class=\"meta-nav\">&rarr;<\/span><\/a><\/p>\n","protected":false},"author":3,"featured_media":0,"comment_status":"open","ping_status":"closed","sticky":false,"template":"","format":"standard","meta":{"footnotes":""},"categories":[1],"tags":[32],"class_list":["post-21466","post","type-post","status-publish","format-standard","hentry","category-non-classe","tag-avent24"],"_links":{"self":[{"href":"https:\/\/blogdemarion.fr\/index.php?rest_route=\/wp\/v2\/posts\/21466","targetHints":{"allow":["GET"]}}],"collection":[{"href":"https:\/\/blogdemarion.fr\/index.php?rest_route=\/wp\/v2\/posts"}],"about":[{"href":"https:\/\/blogdemarion.fr\/index.php?rest_route=\/wp\/v2\/types\/post"}],"author":[{"embeddable":true,"href":"https:\/\/blogdemarion.fr\/index.php?rest_route=\/wp\/v2\/users\/3"}],"replies":[{"embeddable":true,"href":"https:\/\/blogdemarion.fr\/index.php?rest_route=%2Fwp%2Fv2%2Fcomments&post=21466"}],"version-history":[{"count":15,"href":"https:\/\/blogdemarion.fr\/index.php?rest_route=\/wp\/v2\/posts\/21466\/revisions"}],"predecessor-version":[{"id":22130,"href":"https:\/\/blogdemarion.fr\/index.php?rest_route=\/wp\/v2\/posts\/21466\/revisions\/22130"}],"wp:attachment":[{"href":"https:\/\/blogdemarion.fr\/index.php?rest_route=%2Fwp%2Fv2%2Fmedia&parent=21466"}],"wp:term":[{"taxonomy":"category","embeddable":true,"href":"https:\/\/blogdemarion.fr\/index.php?rest_route=%2Fwp%2Fv2%2Fcategories&post=21466"},{"taxonomy":"post_tag","embeddable":true,"href":"https:\/\/blogdemarion.fr\/index.php?rest_route=%2Fwp%2Fv2%2Ftags&post=21466"}],"curies":[{"name":"wp","href":"https:\/\/api.w.org\/{rel}","templated":true}]}}