{"id":21412,"date":"2024-12-12T00:10:00","date_gmt":"2024-12-11T23:10:00","guid":{"rendered":"https:\/\/blogdemarion.fr\/?p=21412"},"modified":"2024-11-27T20:39:30","modified_gmt":"2024-11-27T19:39:30","slug":"12-avent-2024-la-creche","status":"publish","type":"post","link":"https:\/\/blogdemarion.fr\/?p=21412","title":{"rendered":"12. Avent 2024 : La cr\u00e8che"},"content":{"rendered":"\n<figure class=\"wp-block-image size-full\"><a href=\"https:\/\/blogdemarion.fr\/wp-content\/uploads\/2024\/10\/Diapositive13.jpg\"><img loading=\"lazy\" decoding=\"async\" width=\"640\" height=\"400\" src=\"https:\/\/blogdemarion.fr\/wp-content\/uploads\/2024\/10\/Diapositive13.jpg\" alt=\"\" class=\"wp-image-21415\" srcset=\"https:\/\/blogdemarion.fr\/wp-content\/uploads\/2024\/10\/Diapositive13.jpg 640w, https:\/\/blogdemarion.fr\/wp-content\/uploads\/2024\/10\/Diapositive13-300x188.jpg 300w\" sizes=\"auto, (max-width: 640px) 100vw, 640px\" \/><\/a><\/figure>\n\n\n\n<p>La premi\u00e8re \u00ab\u00a0maison\u00a0\u00bb de J\u00e9sus \u00e9tait une <strong>cr\u00e8che<\/strong>. Depuis, il dispose de bien d&rsquo;autres types de demeures. Laissons-nous \u00e9merveiller par quelques-unes d&rsquo;entre elles, \u00e9glise, cath\u00e9drale ou basilique.<\/p>\n\n\n\n<p>Commen\u00e7ons par une \u00e9glise, celle qui a f\u00eat\u00e9 ses 800 ans cette ann\u00e9e, l\u2019<strong>\u00e9glise Saint Eustache.<\/strong><\/p>\n\n\n<div class=\"wp-block-image\">\n<figure class=\"aligncenter size-full\"><a href=\"https:\/\/blogdemarion.fr\/wp-content\/uploads\/2021\/07\/StEustachePorte.jpg\"><img loading=\"lazy\" decoding=\"async\" width=\"600\" height=\"800\" src=\"https:\/\/blogdemarion.fr\/wp-content\/uploads\/2021\/07\/StEustachePorte.jpg\" alt=\"\" class=\"wp-image-10704\" srcset=\"https:\/\/blogdemarion.fr\/wp-content\/uploads\/2021\/07\/StEustachePorte.jpg 600w, https:\/\/blogdemarion.fr\/wp-content\/uploads\/2021\/07\/StEustachePorte-225x300.jpg 225w\" sizes=\"auto, (max-width: 600px) 100vw, 600px\" \/><\/a><figcaption class=\"wp-element-caption\"><sub><em>Paris, Saint Eustache, 14 Juillet 2021<\/em><\/sub><\/figcaption><\/figure><\/div>\n\n\n<p>Avec sa hauteur sous vo\u00fbte sup\u00e9rieure \u00e0 celle de Notre-Dame, <\/p>\n\n\n\n<figure class=\"wp-block-image size-full\"><a href=\"https:\/\/blogdemarion.fr\/wp-content\/uploads\/2021\/07\/StEustache.jpg\"><img loading=\"lazy\" decoding=\"async\" width=\"800\" height=\"600\" src=\"https:\/\/blogdemarion.fr\/wp-content\/uploads\/2021\/07\/StEustache.jpg\" alt=\"\" class=\"wp-image-10702\" srcset=\"https:\/\/blogdemarion.fr\/wp-content\/uploads\/2021\/07\/StEustache.jpg 800w, https:\/\/blogdemarion.fr\/wp-content\/uploads\/2021\/07\/StEustache-300x225.jpg 300w, https:\/\/blogdemarion.fr\/wp-content\/uploads\/2021\/07\/StEustache-768x576.jpg 768w\" sizes=\"auto, (max-width: 800px) 100vw, 800px\" \/><\/a><figcaption class=\"wp-element-caption\"><em><sub>Paris, Saint Eustache, 14 Juillet 2021<\/sub><\/em><\/figcaption><\/figure>\n\n\n\n<p>pas \u00e9tonnant que l\u2019\u00e9glise de Paris Centre ait \u00e9t\u00e9 surnomm\u00e9e \u00ab&nbsp;la cath\u00e9drale des Halles&nbsp;\u00bb.&nbsp;<\/p>\n\n\n\n<figure class=\"wp-block-image size-full\"><a href=\"https:\/\/blogdemarion.fr\/wp-content\/uploads\/2021\/07\/LesHalles-2.jpg\"><img loading=\"lazy\" decoding=\"async\" width=\"800\" height=\"600\" src=\"https:\/\/blogdemarion.fr\/wp-content\/uploads\/2021\/07\/LesHalles-2.jpg\" alt=\"\" class=\"wp-image-10706\" srcset=\"https:\/\/blogdemarion.fr\/wp-content\/uploads\/2021\/07\/LesHalles-2.jpg 800w, https:\/\/blogdemarion.fr\/wp-content\/uploads\/2021\/07\/LesHalles-2-300x225.jpg 300w, https:\/\/blogdemarion.fr\/wp-content\/uploads\/2021\/07\/LesHalles-2-768x576.jpg 768w\" sizes=\"auto, (max-width: 800px) 100vw, 800px\" \/><\/a><figcaption class=\"wp-element-caption\"><em><sub>Paris, Forum des Halles, 14 Juillet 2021<\/sub><\/em><\/figcaption><\/figure>\n\n\n\n<p>Poursuivons par une cath\u00e9drale, <\/p>\n\n\n\n<figure class=\"wp-block-image size-full\"><a href=\"https:\/\/blogdemarion.fr\/wp-content\/uploads\/2024\/10\/NDChap.jpg\"><img loading=\"lazy\" decoding=\"async\" width=\"640\" height=\"369\" src=\"https:\/\/blogdemarion.fr\/wp-content\/uploads\/2024\/10\/NDChap.jpg\" alt=\"\" class=\"wp-image-21427\" srcset=\"https:\/\/blogdemarion.fr\/wp-content\/uploads\/2024\/10\/NDChap.jpg 640w, https:\/\/blogdemarion.fr\/wp-content\/uploads\/2024\/10\/NDChap-300x173.jpg 300w\" sizes=\"auto, (max-width: 640px) 100vw, 640px\" \/><\/a><figcaption class=\"wp-element-caption\"><sub><em>M\u00e9c\u00e9nat MySe<\/em><\/sub><\/figcaption><\/figure>\n\n\n\n<p>celle qui a fait peau neuve cette ann\u00e9e, la <strong>cath\u00e9drale Notre Dame.<\/strong><\/p>\n\n\n\n<figure class=\"wp-block-image size-full\"><a href=\"https:\/\/blogdemarion.fr\/wp-content\/uploads\/2024\/10\/NDame.jpg\"><img loading=\"lazy\" decoding=\"async\" width=\"640\" height=\"385\" src=\"https:\/\/blogdemarion.fr\/wp-content\/uploads\/2024\/10\/NDame.jpg\" alt=\"\" class=\"wp-image-21428\" srcset=\"https:\/\/blogdemarion.fr\/wp-content\/uploads\/2024\/10\/NDame.jpg 640w, https:\/\/blogdemarion.fr\/wp-content\/uploads\/2024\/10\/NDame-300x180.jpg 300w\" sizes=\"auto, (max-width: 640px) 100vw, 640px\" \/><\/a><figcaption class=\"wp-element-caption\"><sub><em>M\u00e9c\u00e9nat MySe<\/em><\/sub><\/figcaption><\/figure>\n\n\n\n<p>Depuis plus de 5 ans, elle \u00e9tait toute emmaillot\u00e9e<\/p>\n\n\n\n<figure class=\"wp-block-image size-full\"><a href=\"https:\/\/blogdemarion.fr\/wp-content\/uploads\/2024\/10\/NDEmMaillot.jpg\"><img loading=\"lazy\" decoding=\"async\" width=\"640\" height=\"285\" src=\"https:\/\/blogdemarion.fr\/wp-content\/uploads\/2024\/10\/NDEmMaillot.jpg\" alt=\"\" class=\"wp-image-21429\" srcset=\"https:\/\/blogdemarion.fr\/wp-content\/uploads\/2024\/10\/NDEmMaillot.jpg 640w, https:\/\/blogdemarion.fr\/wp-content\/uploads\/2024\/10\/NDEmMaillot-300x134.jpg 300w\" sizes=\"auto, (max-width: 640px) 100vw, 640px\" \/><\/a><figcaption class=\"wp-element-caption\"><sub><em>M\u00e9c\u00e9nat MySe<\/em><\/sub><\/figcaption><\/figure>\n\n\n\n<p>impossible de l&rsquo;approcher<\/p>\n\n\n\n<figure class=\"wp-block-image size-full\"><a href=\"https:\/\/blogdemarion.fr\/wp-content\/uploads\/2024\/10\/NDEchaf.jpg\"><img loading=\"lazy\" decoding=\"async\" width=\"640\" height=\"374\" src=\"https:\/\/blogdemarion.fr\/wp-content\/uploads\/2024\/10\/NDEchaf.jpg\" alt=\"\" class=\"wp-image-21430\" srcset=\"https:\/\/blogdemarion.fr\/wp-content\/uploads\/2024\/10\/NDEchaf.jpg 640w, https:\/\/blogdemarion.fr\/wp-content\/uploads\/2024\/10\/NDEchaf-300x175.jpg 300w\" sizes=\"auto, (max-width: 640px) 100vw, 640px\" \/><\/a><figcaption class=\"wp-element-caption\"><sub><em>M\u00e9c\u00e9nat MySe<\/em><\/sub><\/figcaption><\/figure>\n\n\n\n<p>\u00e0 part pour ses sauveteurs.<\/p>\n\n\n<div class=\"wp-block-image\">\n<figure class=\"aligncenter size-full\"><a href=\"https:\/\/blogdemarion.fr\/wp-content\/uploads\/2024\/10\/NDCasque.jpg\"><img loading=\"lazy\" decoding=\"async\" width=\"320\" height=\"166\" src=\"https:\/\/blogdemarion.fr\/wp-content\/uploads\/2024\/10\/NDCasque.jpg\" alt=\"\" class=\"wp-image-21431\" srcset=\"https:\/\/blogdemarion.fr\/wp-content\/uploads\/2024\/10\/NDCasque.jpg 320w, https:\/\/blogdemarion.fr\/wp-content\/uploads\/2024\/10\/NDCasque-300x156.jpg 300w\" sizes=\"auto, (max-width: 320px) 100vw, 320px\" \/><\/a><figcaption class=\"wp-element-caption\"><sub><em>M\u00e9c\u00e9nat MySe<\/em><\/sub><\/figcaption><\/figure><\/div>\n\n\n<p>Et pourtant si belle !<\/p>\n\n\n\n<figure class=\"wp-block-image size-full\"><a href=\"https:\/\/blogdemarion.fr\/wp-content\/uploads\/2024\/10\/NDVoute.jpg\"><img loading=\"lazy\" decoding=\"async\" width=\"640\" height=\"361\" src=\"https:\/\/blogdemarion.fr\/wp-content\/uploads\/2024\/10\/NDVoute.jpg\" alt=\"\" class=\"wp-image-21432\" srcset=\"https:\/\/blogdemarion.fr\/wp-content\/uploads\/2024\/10\/NDVoute.jpg 640w, https:\/\/blogdemarion.fr\/wp-content\/uploads\/2024\/10\/NDVoute-300x169.jpg 300w\" sizes=\"auto, (max-width: 640px) 100vw, 640px\" \/><\/a><figcaption class=\"wp-element-caption\"><sub><em>M\u00e9c\u00e9nat MySe<\/em><\/sub><\/figcaption><\/figure>\n\n\n\n<p>Enfin terminons par une basilique, la <strong>basilique du Sacr\u00e9 C\u0153ur,<\/strong> en version 2024<\/p>\n\n\n<div class=\"wp-block-image\">\n<figure class=\"aligncenter size-full\"><a href=\"https:\/\/blogdemarion.fr\/wp-content\/uploads\/2024\/10\/SacreCoeur24.jpg\"><img loading=\"lazy\" decoding=\"async\" width=\"480\" height=\"640\" src=\"https:\/\/blogdemarion.fr\/wp-content\/uploads\/2024\/10\/SacreCoeur24.jpg\" alt=\"\" class=\"wp-image-21434\" srcset=\"https:\/\/blogdemarion.fr\/wp-content\/uploads\/2024\/10\/SacreCoeur24.jpg 480w, https:\/\/blogdemarion.fr\/wp-content\/uploads\/2024\/10\/SacreCoeur24-225x300.jpg 225w\" sizes=\"auto, (max-width: 480px) 100vw, 480px\" \/><\/a><figcaption class=\"wp-element-caption\"><em>Paris, Sacr\u00e9 C\u0153ur, 11 Aout 2024<\/em><\/figcaption><\/figure><\/div>\n\n\n<p>ou en version 1964, avec une future maman en voyage.<\/p>\n\n\n\n<figure class=\"wp-block-image size-full\"><a href=\"https:\/\/blogdemarion.fr\/wp-content\/uploads\/2024\/10\/SCMaman.png\"><img loading=\"lazy\" decoding=\"async\" width=\"468\" height=\"640\" src=\"https:\/\/blogdemarion.fr\/wp-content\/uploads\/2024\/10\/SCMaman.png\" alt=\"\" class=\"wp-image-21435\" srcset=\"https:\/\/blogdemarion.fr\/wp-content\/uploads\/2024\/10\/SCMaman.png 468w, https:\/\/blogdemarion.fr\/wp-content\/uploads\/2024\/10\/SCMaman-219x300.png 219w\" sizes=\"auto, (max-width: 468px) 100vw, 468px\" \/><\/a><figcaption class=\"wp-element-caption\"><em>Paris, Sacr\u00e9 C\u0153ur, Monique et Mauricette (petite s\u0153ur de Jean), \u00e9t\u00e9 1964<\/em><\/figcaption><\/figure>\n\n\n\n<p><em>\u00ab&nbsp;<strong>En quelque maison que vous entriez, d\u00eetes d&rsquo;abord : Paix \u00e0 cette maison&nbsp;<\/strong>\u00bb &#8211; Saint Luc.<\/em><\/p>\n","protected":false},"excerpt":{"rendered":"<p>La premi\u00e8re \u00ab\u00a0maison\u00a0\u00bb de J\u00e9sus \u00e9tait une cr\u00e8che. Depuis, il dispose de bien d&rsquo;autres types de demeures. Laissons-nous \u00e9merveiller par quelques-unes d&rsquo;entre elles, \u00e9glise, cath\u00e9drale ou basilique. Commen\u00e7ons par une \u00e9glise, celle qui a f\u00eat\u00e9 ses 800 ans cette ann\u00e9e, l\u2019\u00e9glise Saint Eustache. Avec sa hauteur sous vo\u00fbte sup\u00e9rieure \u00e0 celle de Notre-Dame, pas \u00e9tonnant &hellip; <a href=\"https:\/\/blogdemarion.fr\/?p=21412\">Continue reading <span class=\"meta-nav\">&rarr;<\/span><\/a><\/p>\n","protected":false},"author":3,"featured_media":0,"comment_status":"open","ping_status":"closed","sticky":false,"template":"","format":"standard","meta":{"footnotes":""},"categories":[1],"tags":[32],"class_list":["post-21412","post","type-post","status-publish","format-standard","hentry","category-non-classe","tag-avent24"],"_links":{"self":[{"href":"https:\/\/blogdemarion.fr\/index.php?rest_route=\/wp\/v2\/posts\/21412","targetHints":{"allow":["GET"]}}],"collection":[{"href":"https:\/\/blogdemarion.fr\/index.php?rest_route=\/wp\/v2\/posts"}],"about":[{"href":"https:\/\/blogdemarion.fr\/index.php?rest_route=\/wp\/v2\/types\/post"}],"author":[{"embeddable":true,"href":"https:\/\/blogdemarion.fr\/index.php?rest_route=\/wp\/v2\/users\/3"}],"replies":[{"embeddable":true,"href":"https:\/\/blogdemarion.fr\/index.php?rest_route=%2Fwp%2Fv2%2Fcomments&post=21412"}],"version-history":[{"count":16,"href":"https:\/\/blogdemarion.fr\/index.php?rest_route=\/wp\/v2\/posts\/21412\/revisions"}],"predecessor-version":[{"id":22080,"href":"https:\/\/blogdemarion.fr\/index.php?rest_route=\/wp\/v2\/posts\/21412\/revisions\/22080"}],"wp:attachment":[{"href":"https:\/\/blogdemarion.fr\/index.php?rest_route=%2Fwp%2Fv2%2Fmedia&parent=21412"}],"wp:term":[{"taxonomy":"category","embeddable":true,"href":"https:\/\/blogdemarion.fr\/index.php?rest_route=%2Fwp%2Fv2%2Fcategories&post=21412"},{"taxonomy":"post_tag","embeddable":true,"href":"https:\/\/blogdemarion.fr\/index.php?rest_route=%2Fwp%2Fv2%2Ftags&post=21412"}],"curies":[{"name":"wp","href":"https:\/\/api.w.org\/{rel}","templated":true}]}}