{"id":21369,"date":"2024-12-09T00:10:49","date_gmt":"2024-12-08T23:10:49","guid":{"rendered":"https:\/\/blogdemarion.fr\/?p=21369"},"modified":"2024-11-24T18:28:06","modified_gmt":"2024-11-24T17:28:06","slug":"9-avent-2024-les-chants","status":"publish","type":"post","link":"https:\/\/blogdemarion.fr\/?p=21369","title":{"rendered":"9. Avent 2024 : Les chants"},"content":{"rendered":"\n<figure class=\"wp-block-image size-full\"><a href=\"https:\/\/blogdemarion.fr\/wp-content\/uploads\/2024\/10\/Diapositive10.jpg\"><img loading=\"lazy\" decoding=\"async\" width=\"960\" height=\"600\" src=\"https:\/\/blogdemarion.fr\/wp-content\/uploads\/2024\/10\/Diapositive10.jpg\" alt=\"\" class=\"wp-image-21370\" srcset=\"https:\/\/blogdemarion.fr\/wp-content\/uploads\/2024\/10\/Diapositive10.jpg 960w, https:\/\/blogdemarion.fr\/wp-content\/uploads\/2024\/10\/Diapositive10-300x188.jpg 300w, https:\/\/blogdemarion.fr\/wp-content\/uploads\/2024\/10\/Diapositive10-768x480.jpg 768w\" sizes=\"auto, (max-width: 960px) 100vw, 960px\" \/><\/a><\/figure>\n\n\n\n<p>Les chants seront chansons aujourd&rsquo;hui car nombreux sont les artistes qui ont contribu\u00e9 \u00e0 immortaliser Paris avec des ritournelles.<\/p>\n\n\n\n<p>Petite balade musicale \u00e0 travers ses quartiers.<\/p>\n\n\n\n<p>Pour commencer, une petit nav&rsquo; sur la Seine <p><audio controls><source src=\"musique\/LaSeine.mp3\"><\/audio><\/p><\/p>\n\n\n\n<p class=\"has-text-align-center\">\u00ab\u00a0<em>Elle sort de son lit, tellement s\u00fbre d&rsquo;elle<br>La Seine, la Seine, la Seine.<\/em><\/p>\n\n\n<div class=\"wp-block-image\">\n<figure class=\"aligncenter size-full\"><a href=\"https:\/\/blogdemarion.fr\/wp-content\/uploads\/2024\/10\/LaSeine.jpg\"><img loading=\"lazy\" decoding=\"async\" width=\"480\" height=\"640\" src=\"https:\/\/blogdemarion.fr\/wp-content\/uploads\/2024\/10\/LaSeine.jpg\" alt=\"\" class=\"wp-image-21407\" srcset=\"https:\/\/blogdemarion.fr\/wp-content\/uploads\/2024\/10\/LaSeine.jpg 480w, https:\/\/blogdemarion.fr\/wp-content\/uploads\/2024\/10\/LaSeine-225x300.jpg 225w\" sizes=\"auto, (max-width: 480px) 100vw, 480px\" \/><\/a><figcaption class=\"wp-element-caption\"><sub><em>Paris, 14 Juillet 2021<\/em><\/sub><\/figcaption><\/figure><\/div>\n\n\n<p class=\"has-text-align-center\"><em>Tellement jolie elle m&rsquo;ensorcelle<br>La Seine, la Seine, la Seine.<\/em>\u00ab\u00a0<\/p>\n\n\n<div class=\"wp-block-image\">\n<figure class=\"aligncenter size-full\"><a href=\"https:\/\/blogdemarion.fr\/wp-content\/uploads\/2024\/10\/LaSeine.jpeg\"><img loading=\"lazy\" decoding=\"async\" width=\"640\" height=\"392\" src=\"https:\/\/blogdemarion.fr\/wp-content\/uploads\/2024\/10\/LaSeine.jpeg\" alt=\"\" class=\"wp-image-21401\" srcset=\"https:\/\/blogdemarion.fr\/wp-content\/uploads\/2024\/10\/LaSeine.jpeg 640w, https:\/\/blogdemarion.fr\/wp-content\/uploads\/2024\/10\/LaSeine-300x184.jpeg 300w\" sizes=\"auto, (max-width: 640px) 100vw, 640px\" \/><\/a><figcaption class=\"wp-element-caption\"><sub><em>Paris, c\u00e9r\u00e9monie JO 2024<\/em><\/sub><\/figcaption><\/figure><\/div>\n\n\n<p>Puis un peu de shopping aux Champs Elys\u00e9es <p><audio controls><source src=\"musique\/Champs-Elys\u00e9es.mp3\"><\/audio><\/p><\/p>\n\n\n\n<p class=\"has-text-align-center\"><em>\u00ab\u00a0Aux Champs-\u00c9lys\u00e9es<br>Aux Champs-\u00c9lys\u00e9es<br>Au soleil, sous la pluie<br>\u00c0 midi ou \u00e0 minuit<br>Il y a tout c&rsquo;que vous voulez<br>Aux Champs-\u00c9lys\u00e9es\u00a0\u00bb<\/em><\/p>\n\n\n<div class=\"wp-block-image\">\n<figure class=\"aligncenter size-full\"><a href=\"https:\/\/blogdemarion.fr\/wp-content\/uploads\/2024\/10\/ChampsElysees.jpeg\"><img loading=\"lazy\" decoding=\"async\" width=\"640\" height=\"369\" src=\"https:\/\/blogdemarion.fr\/wp-content\/uploads\/2024\/10\/ChampsElysees.jpeg\" alt=\"\" class=\"wp-image-21403\" srcset=\"https:\/\/blogdemarion.fr\/wp-content\/uploads\/2024\/10\/ChampsElysees.jpeg 640w, https:\/\/blogdemarion.fr\/wp-content\/uploads\/2024\/10\/ChampsElysees-300x173.jpeg 300w\" sizes=\"auto, (max-width: 640px) 100vw, 640px\" \/><\/a><figcaption class=\"wp-element-caption\"><sub><em>Paris, Tour Eiffel,17 F\u00e9vrier 2024<\/em><\/sub><\/figcaption><\/figure><\/div>\n\n\n<p><\/p>\n\n\n\n<p>Un petit tour \u00e0 Paname <p><audio controls><source src=\"musique\/AmoureuxPaname.mp3\"><\/audio><\/p><\/p>\n\n\n\n<p class=\"has-text-align-center\">\u00ab\u00a0<em>Moi, j&rsquo;suis amoureux de Paname<br>Du b\u00e9ton et du macadam<br>Sous les pav\u00e9s ouais, c&rsquo;est la plage<br>Mais l&rsquo;bitume c&rsquo;est mon paysage<br>Le bitume c&rsquo;est mon paysage<\/em>\u00ab\u00a0<\/p>\n\n\n\n<figure class=\"wp-block-image size-full\"><a href=\"https:\/\/blogdemarion.fr\/wp-content\/uploads\/2024\/10\/Paname.jpeg\"><img loading=\"lazy\" decoding=\"async\" width=\"640\" height=\"387\" src=\"https:\/\/blogdemarion.fr\/wp-content\/uploads\/2024\/10\/Paname.jpeg\" alt=\"\" class=\"wp-image-21406\" srcset=\"https:\/\/blogdemarion.fr\/wp-content\/uploads\/2024\/10\/Paname.jpeg 640w, https:\/\/blogdemarion.fr\/wp-content\/uploads\/2024\/10\/Paname-300x181.jpeg 300w\" sizes=\"auto, (max-width: 640px) 100vw, 640px\" \/><\/a><figcaption class=\"wp-element-caption\"><sub><em>Paris, Montmartre, 3 Mars 2018<\/em><\/sub><\/figcaption><\/figure>\n\n\n\n<p>Pour finir sous le ciel de Paris, avec les amoureux <p><audio controls><source src=\"musique\/SousCielParis.mp3\"><\/audio><\/p><\/p>\n\n\n\n<p class=\"has-text-align-center\">\u00ab\u00a0<em>Sous le ciel de Paris<\/em><br><em>S&rsquo;envole une chanson<br>Hum, hum<br>Elle est n\u00e9e d&rsquo;aujourd&rsquo;hui<br>Dans le c\u0153ur d&rsquo;un gar\u00e7on<\/em><\/p>\n\n\n<div class=\"wp-block-image\">\n<figure class=\"aligncenter size-full\"><a href=\"https:\/\/blogdemarion.fr\/wp-content\/uploads\/2024\/10\/Eiffel.jpeg\"><img loading=\"lazy\" decoding=\"async\" width=\"395\" height=\"640\" src=\"https:\/\/blogdemarion.fr\/wp-content\/uploads\/2024\/10\/Eiffel.jpeg\" alt=\"\" class=\"wp-image-21404\" srcset=\"https:\/\/blogdemarion.fr\/wp-content\/uploads\/2024\/10\/Eiffel.jpeg 395w, https:\/\/blogdemarion.fr\/wp-content\/uploads\/2024\/10\/Eiffel-185x300.jpeg 185w\" sizes=\"auto, (max-width: 395px) 100vw, 395px\" \/><\/a><figcaption class=\"wp-element-caption\"><em><sub>Paris, Tour Eiffel,17 F\u00e9vrier 2024<\/sub><\/em><\/figcaption><\/figure><\/div>\n\n\n<p class=\"has-text-align-center\"><em>Sous le ciel de Paris<br>Marchent des amoureux<br>Hum, hum<br>Leur bonheur se construit<br>Sur un air fait pour eux<\/em>\u00ab\u00a0<\/p>\n\n\n<div class=\"wp-block-image\">\n<figure class=\"aligncenter size-full\"><a href=\"https:\/\/blogdemarion.fr\/wp-content\/uploads\/2024\/10\/TFPapaMaman.png\"><img loading=\"lazy\" decoding=\"async\" width=\"493\" height=\"640\" src=\"https:\/\/blogdemarion.fr\/wp-content\/uploads\/2024\/10\/TFPapaMaman.png\" alt=\"\" class=\"wp-image-21409\" srcset=\"https:\/\/blogdemarion.fr\/wp-content\/uploads\/2024\/10\/TFPapaMaman.png 493w, https:\/\/blogdemarion.fr\/wp-content\/uploads\/2024\/10\/TFPapaMaman-231x300.png 231w\" sizes=\"auto, (max-width: 493px) 100vw, 493px\" \/><\/a><figcaption class=\"wp-element-caption\"><em><sub>Paris, Tour Eiffel, \u00e9t\u00e9 1964<\/sub><\/em><\/figcaption><\/figure><\/div>\n\n\n<p>\u00ab\u00a0<strong>L&rsquo;amour de la musique m\u00e8ne toujours \u00e0 la musique de l&rsquo;amour\u2026<\/strong>\u00a0\u00bb &#8211; Jacques Pr\u00e9vert<\/p>\n","protected":false},"excerpt":{"rendered":"<p>Les chants seront chansons aujourd&rsquo;hui car nombreux sont les artistes qui ont contribu\u00e9 \u00e0 immortaliser Paris avec des ritournelles. Petite balade musicale \u00e0 travers ses quartiers. Pour commencer, une petit nav&rsquo; sur la Seine \u00ab\u00a0Elle sort de son lit, tellement s\u00fbre d&rsquo;elleLa Seine, la Seine, la Seine. Tellement jolie elle m&rsquo;ensorcelleLa Seine, la Seine, la &hellip; <a href=\"https:\/\/blogdemarion.fr\/?p=21369\">Continue reading <span class=\"meta-nav\">&rarr;<\/span><\/a><\/p>\n","protected":false},"author":3,"featured_media":0,"comment_status":"open","ping_status":"closed","sticky":false,"template":"","format":"standard","meta":{"footnotes":""},"categories":[1],"tags":[32],"class_list":["post-21369","post","type-post","status-publish","format-standard","hentry","category-non-classe","tag-avent24"],"_links":{"self":[{"href":"https:\/\/blogdemarion.fr\/index.php?rest_route=\/wp\/v2\/posts\/21369","targetHints":{"allow":["GET"]}}],"collection":[{"href":"https:\/\/blogdemarion.fr\/index.php?rest_route=\/wp\/v2\/posts"}],"about":[{"href":"https:\/\/blogdemarion.fr\/index.php?rest_route=\/wp\/v2\/types\/post"}],"author":[{"embeddable":true,"href":"https:\/\/blogdemarion.fr\/index.php?rest_route=\/wp\/v2\/users\/3"}],"replies":[{"embeddable":true,"href":"https:\/\/blogdemarion.fr\/index.php?rest_route=%2Fwp%2Fv2%2Fcomments&post=21369"}],"version-history":[{"count":22,"href":"https:\/\/blogdemarion.fr\/index.php?rest_route=\/wp\/v2\/posts\/21369\/revisions"}],"predecessor-version":[{"id":22016,"href":"https:\/\/blogdemarion.fr\/index.php?rest_route=\/wp\/v2\/posts\/21369\/revisions\/22016"}],"wp:attachment":[{"href":"https:\/\/blogdemarion.fr\/index.php?rest_route=%2Fwp%2Fv2%2Fmedia&parent=21369"}],"wp:term":[{"taxonomy":"category","embeddable":true,"href":"https:\/\/blogdemarion.fr\/index.php?rest_route=%2Fwp%2Fv2%2Fcategories&post=21369"},{"taxonomy":"post_tag","embeddable":true,"href":"https:\/\/blogdemarion.fr\/index.php?rest_route=%2Fwp%2Fv2%2Ftags&post=21369"}],"curies":[{"name":"wp","href":"https:\/\/api.w.org\/{rel}","templated":true}]}}