{"id":21354,"date":"2024-12-08T00:10:04","date_gmt":"2024-12-07T23:10:04","guid":{"rendered":"https:\/\/blogdemarion.fr\/?p=21354"},"modified":"2024-11-22T20:55:56","modified_gmt":"2024-11-22T19:55:56","slug":"8-avent-2024-les-illuminations","status":"publish","type":"post","link":"https:\/\/blogdemarion.fr\/?p=21354","title":{"rendered":"8. Avent 2024 : Les illuminations"},"content":{"rendered":"\n<figure class=\"wp-block-image size-full\"><a href=\"https:\/\/blogdemarion.fr\/wp-content\/uploads\/2024\/10\/Diapositive9.jpg\"><img loading=\"lazy\" decoding=\"async\" width=\"640\" height=\"400\" src=\"https:\/\/blogdemarion.fr\/wp-content\/uploads\/2024\/10\/Diapositive9.jpg\" alt=\"\" class=\"wp-image-21355\" srcset=\"https:\/\/blogdemarion.fr\/wp-content\/uploads\/2024\/10\/Diapositive9.jpg 640w, https:\/\/blogdemarion.fr\/wp-content\/uploads\/2024\/10\/Diapositive9-300x188.jpg 300w\" sizes=\"auto, (max-width: 640px) 100vw, 640px\" \/><\/a><\/figure>\n\n\n\n<p>Pour les <strong>Illuminations<\/strong>&nbsp;ou encore f\u00eate de la Vierge&nbsp;Marie, c&rsquo;est avec la cath\u00e9drale Notre Dame que nous avons rendez-vous.<\/p>\n\n\n\n<p>B\u00e2ti entre le XIIe et XIVe, le chef d\u2019\u0153uvre gothique est aujourd\u2019hui le symbole de Paris.<\/p>\n\n\n<div class=\"wp-block-image\">\n<figure class=\"aligncenter size-full\"><a href=\"https:\/\/blogdemarion.fr\/wp-content\/uploads\/2024\/10\/NotreDame.png\"><img loading=\"lazy\" decoding=\"async\" width=\"480\" height=\"735\" src=\"https:\/\/blogdemarion.fr\/wp-content\/uploads\/2024\/10\/NotreDame.png\" alt=\"\" class=\"wp-image-21359\" srcset=\"https:\/\/blogdemarion.fr\/wp-content\/uploads\/2024\/10\/NotreDame.png 480w, https:\/\/blogdemarion.fr\/wp-content\/uploads\/2024\/10\/NotreDame-196x300.png 196w\" sizes=\"auto, (max-width: 480px) 100vw, 480px\" \/><\/a><\/figure><\/div>\n\n\n<p>Mais depuis le violent incendie d&rsquo;avril 2019, ce sont surtout les grues et les \u00e9chafaudages, que l&rsquo;on admirait. <\/p>\n\n\n<div class=\"wp-block-image\">\n<figure class=\"aligncenter size-full\"><a href=\"https:\/\/blogdemarion.fr\/wp-content\/uploads\/2024\/10\/NotreDame.jpg\"><img loading=\"lazy\" decoding=\"async\" width=\"480\" height=\"640\" src=\"https:\/\/blogdemarion.fr\/wp-content\/uploads\/2024\/10\/NotreDame.jpg\" alt=\"\" class=\"wp-image-21361\" srcset=\"https:\/\/blogdemarion.fr\/wp-content\/uploads\/2024\/10\/NotreDame.jpg 480w, https:\/\/blogdemarion.fr\/wp-content\/uploads\/2024\/10\/NotreDame-225x300.jpg 225w\" sizes=\"auto, (max-width: 480px) 100vw, 480px\" \/><\/a><figcaption class=\"wp-element-caption\"><sub><em>Paris, 19 F\u00e9vrier 2024<\/em><\/sub><\/figcaption><\/figure><\/div>\n\n\n<p>Immense chantier <\/p>\n\n\n\n<figure class=\"wp-block-image size-full\"><a href=\"https:\/\/blogdemarion.fr\/wp-content\/uploads\/2024\/10\/P1110600.jpg\"><img loading=\"lazy\" decoding=\"async\" width=\"640\" height=\"480\" src=\"https:\/\/blogdemarion.fr\/wp-content\/uploads\/2024\/10\/P1110600.jpg\" alt=\"\" class=\"wp-image-21364\" srcset=\"https:\/\/blogdemarion.fr\/wp-content\/uploads\/2024\/10\/P1110600.jpg 640w, https:\/\/blogdemarion.fr\/wp-content\/uploads\/2024\/10\/P1110600-300x225.jpg 300w\" sizes=\"auto, (max-width: 640px) 100vw, 640px\" \/><\/a><figcaption class=\"wp-element-caption\"><sub><em>Paris, 19 F\u00e9vrier 2024<\/em><\/sub><\/figcaption><\/figure>\n\n\n\n<p>que cette reconstruction hors norme !<\/p>\n\n\n\n<figure class=\"wp-block-image size-full\"><a href=\"https:\/\/blogdemarion.fr\/wp-content\/uploads\/2024\/10\/P1110599.jpg\"><img loading=\"lazy\" decoding=\"async\" width=\"640\" height=\"480\" src=\"https:\/\/blogdemarion.fr\/wp-content\/uploads\/2024\/10\/P1110599.jpg\" alt=\"\" class=\"wp-image-21363\" srcset=\"https:\/\/blogdemarion.fr\/wp-content\/uploads\/2024\/10\/P1110599.jpg 640w, https:\/\/blogdemarion.fr\/wp-content\/uploads\/2024\/10\/P1110599-300x225.jpg 300w\" sizes=\"auto, (max-width: 640px) 100vw, 640px\" \/><\/a><figcaption class=\"wp-element-caption\"><sub><em>Paris, 19 F\u00e9vrier 2024<\/em><\/sub><\/figcaption><\/figure>\n\n\n\n<p>Mois apr\u00e8s mois, des femmes et des hommes passionn\u00e9s ont restaur\u00e9s Notre-Dame de Paris.<\/p>\n\n\n\n<figure class=\"wp-block-image size-full\"><a href=\"https:\/\/blogdemarion.fr\/wp-content\/uploads\/2024\/10\/P1110602.jpg\"><img loading=\"lazy\" decoding=\"async\" width=\"640\" height=\"480\" src=\"https:\/\/blogdemarion.fr\/wp-content\/uploads\/2024\/10\/P1110602.jpg\" alt=\"\" class=\"wp-image-21365\" srcset=\"https:\/\/blogdemarion.fr\/wp-content\/uploads\/2024\/10\/P1110602.jpg 640w, https:\/\/blogdemarion.fr\/wp-content\/uploads\/2024\/10\/P1110602-300x225.jpg 300w\" sizes=\"auto, (max-width: 640px) 100vw, 640px\" \/><\/a><figcaption class=\"wp-element-caption\"><sub><em>Paris, 19 F\u00e9vrier 2024<\/em><\/sub><\/figcaption><\/figure>\n\n\n\n<p>La c\u00e9r\u00e9monie d&rsquo;ouverture des Jeux Olympiques les a m\u00eame fait danser !<\/p>\n\n\n<div class=\"wp-block-image\">\n<figure class=\"aligncenter size-full\"><a href=\"https:\/\/blogdemarion.fr\/wp-content\/uploads\/2024\/10\/NDJO.png\"><img loading=\"lazy\" decoding=\"async\" width=\"640\" height=\"355\" src=\"https:\/\/blogdemarion.fr\/wp-content\/uploads\/2024\/10\/NDJO.png\" alt=\"\" class=\"wp-image-21362\" srcset=\"https:\/\/blogdemarion.fr\/wp-content\/uploads\/2024\/10\/NDJO.png 640w, https:\/\/blogdemarion.fr\/wp-content\/uploads\/2024\/10\/NDJO-300x166.png 300w\" sizes=\"auto, (max-width: 640px) 100vw, 640px\" \/><\/a><\/figure><\/div>\n\n\n<p>Et aujourd&rsquo;hui, Notre Dame renait et retrouve un peu de silence et de calme.<\/p>\n\n\n<div class=\"wp-block-image\">\n<figure class=\"aligncenter size-full\"><a href=\"https:\/\/blogdemarion.fr\/wp-content\/uploads\/2024\/10\/Vierge.png\"><img loading=\"lazy\" decoding=\"async\" width=\"500\" height=\"500\" src=\"https:\/\/blogdemarion.fr\/wp-content\/uploads\/2024\/10\/Vierge.png\" alt=\"\" class=\"wp-image-21367\" srcset=\"https:\/\/blogdemarion.fr\/wp-content\/uploads\/2024\/10\/Vierge.png 500w, https:\/\/blogdemarion.fr\/wp-content\/uploads\/2024\/10\/Vierge-300x300.png 300w, https:\/\/blogdemarion.fr\/wp-content\/uploads\/2024\/10\/Vierge-150x150.png 150w\" sizes=\"auto, (max-width: 500px) 100vw, 500px\" \/><\/a><\/figure><\/div>\n\n\n<p>Bravo aux b\u00e2tisseurs d\u2019aujourd\u2019hui qui rendent toute la splendeur aux b\u00e2timents du pass\u00e9!<\/p>\n\n\n<div class=\"wp-block-image\">\n<figure class=\"aligncenter size-full\"><a href=\"https:\/\/blogdemarion.fr\/wp-content\/uploads\/2019\/04\/Plafond2.jpg\"><img loading=\"lazy\" decoding=\"async\" width=\"369\" height=\"276\" src=\"https:\/\/blogdemarion.fr\/wp-content\/uploads\/2019\/04\/Plafond2.jpg\" alt=\"\" class=\"wp-image-6070\" srcset=\"https:\/\/blogdemarion.fr\/wp-content\/uploads\/2019\/04\/Plafond2.jpg 369w, https:\/\/blogdemarion.fr\/wp-content\/uploads\/2019\/04\/Plafond2-300x224.jpg 300w\" sizes=\"auto, (max-width: 369px) 100vw, 369px\" \/><\/a><figcaption class=\"wp-element-caption\"><em><sub>Paris, 21 Avril 2019<\/sub><\/em><\/figcaption><\/figure><\/div>","protected":false},"excerpt":{"rendered":"<p>Pour les Illuminations&nbsp;ou encore f\u00eate de la Vierge&nbsp;Marie, c&rsquo;est avec la cath\u00e9drale Notre Dame que nous avons rendez-vous. B\u00e2ti entre le XIIe et XIVe, le chef d\u2019\u0153uvre gothique est aujourd\u2019hui le symbole de Paris. Mais depuis le violent incendie d&rsquo;avril 2019, ce sont surtout les grues et les \u00e9chafaudages, que l&rsquo;on admirait. Immense chantier que &hellip; <a href=\"https:\/\/blogdemarion.fr\/?p=21354\">Continue reading <span class=\"meta-nav\">&rarr;<\/span><\/a><\/p>\n","protected":false},"author":3,"featured_media":0,"comment_status":"open","ping_status":"closed","sticky":false,"template":"","format":"standard","meta":{"footnotes":""},"categories":[1],"tags":[32],"class_list":["post-21354","post","type-post","status-publish","format-standard","hentry","category-non-classe","tag-avent24"],"_links":{"self":[{"href":"https:\/\/blogdemarion.fr\/index.php?rest_route=\/wp\/v2\/posts\/21354","targetHints":{"allow":["GET"]}}],"collection":[{"href":"https:\/\/blogdemarion.fr\/index.php?rest_route=\/wp\/v2\/posts"}],"about":[{"href":"https:\/\/blogdemarion.fr\/index.php?rest_route=\/wp\/v2\/types\/post"}],"author":[{"embeddable":true,"href":"https:\/\/blogdemarion.fr\/index.php?rest_route=\/wp\/v2\/users\/3"}],"replies":[{"embeddable":true,"href":"https:\/\/blogdemarion.fr\/index.php?rest_route=%2Fwp%2Fv2%2Fcomments&post=21354"}],"version-history":[{"count":11,"href":"https:\/\/blogdemarion.fr\/index.php?rest_route=\/wp\/v2\/posts\/21354\/revisions"}],"predecessor-version":[{"id":22109,"href":"https:\/\/blogdemarion.fr\/index.php?rest_route=\/wp\/v2\/posts\/21354\/revisions\/22109"}],"wp:attachment":[{"href":"https:\/\/blogdemarion.fr\/index.php?rest_route=%2Fwp%2Fv2%2Fmedia&parent=21354"}],"wp:term":[{"taxonomy":"category","embeddable":true,"href":"https:\/\/blogdemarion.fr\/index.php?rest_route=%2Fwp%2Fv2%2Fcategories&post=21354"},{"taxonomy":"post_tag","embeddable":true,"href":"https:\/\/blogdemarion.fr\/index.php?rest_route=%2Fwp%2Fv2%2Ftags&post=21354"}],"curies":[{"name":"wp","href":"https:\/\/api.w.org\/{rel}","templated":true}]}}