{"id":21241,"date":"2024-12-01T00:10:32","date_gmt":"2024-11-30T23:10:32","guid":{"rendered":"https:\/\/blogdemarion.fr\/?p=21241"},"modified":"2024-11-28T19:04:53","modified_gmt":"2024-11-28T18:04:53","slug":"1-avent-2024-la-couronne","status":"publish","type":"post","link":"https:\/\/blogdemarion.fr\/?p=21241","title":{"rendered":"1. Avent 2024 : La couronne"},"content":{"rendered":"<div class=\"wp-block-image\">\n<figure class=\"aligncenter size-full\"><a href=\"https:\/\/blogdemarion.fr\/wp-content\/uploads\/2024\/10\/Diapositive2.jpg\"><img loading=\"lazy\" decoding=\"async\" width=\"640\" height=\"400\" src=\"https:\/\/blogdemarion.fr\/wp-content\/uploads\/2024\/10\/Diapositive2.jpg\" alt=\"\" class=\"wp-image-21244\" srcset=\"https:\/\/blogdemarion.fr\/wp-content\/uploads\/2024\/10\/Diapositive2.jpg 640w, https:\/\/blogdemarion.fr\/wp-content\/uploads\/2024\/10\/Diapositive2-300x188.jpg 300w\" sizes=\"auto, (max-width: 640px) 100vw, 640px\" \/><\/a><\/figure><\/div>\n\n\n<p>La couronne,  accroch\u00e9e \u00e0 nos portes en ce d\u00e9but D\u00e9cembre, nous souhaite <strong>la bienvenue dans le temps de l&rsquo;Avent. <\/strong><\/p>\n\n\n\n<p>En cette ann\u00e9e 2024, c&rsquo;est la capitale et ses tr\u00e9sors qui nous feront patienter jusqu&rsquo;\u00e0 No\u00ebl, alors <\/p>\n\n\n\n<h2 class=\"wp-block-heading has-text-align-center\">Bienvenue \u00e0 Paris !<\/h2>\n\n\n\n<p>Comme le dit la chanson, <\/p>\n\n\n\n<p>\u00ab\u00a0T&rsquo;es-tu balad\u00e9 sur les Champs Elys\u00e9es?\u00a0\u00bb<\/p>\n\n\n\n<figure class=\"wp-block-image size-full\"><a href=\"https:\/\/blogdemarion.fr\/wp-content\/uploads\/2024\/10\/P1110543.jpg\"><img loading=\"lazy\" decoding=\"async\" width=\"640\" height=\"480\" src=\"https:\/\/blogdemarion.fr\/wp-content\/uploads\/2024\/10\/P1110543.jpg\" alt=\"\" class=\"wp-image-21254\" srcset=\"https:\/\/blogdemarion.fr\/wp-content\/uploads\/2024\/10\/P1110543.jpg 640w, https:\/\/blogdemarion.fr\/wp-content\/uploads\/2024\/10\/P1110543-300x225.jpg 300w\" sizes=\"auto, (max-width: 640px) 100vw, 640px\" \/><\/a><figcaption class=\"wp-element-caption\"><em><sub>Paris, 18 F\u00e9vrier 2024<\/sub><\/em><\/figcaption><\/figure>\n\n\n\n<p>\u00ab\u00a0As-tu travers\u00e9 le Pont Neuf \u00e0 pied?\u00a0\u00bb<\/p>\n\n\n\n<figure class=\"wp-block-image size-full\"><a href=\"https:\/\/blogdemarion.fr\/wp-content\/uploads\/2024\/10\/PontNeufB.jpg\"><img loading=\"lazy\" decoding=\"async\" width=\"500\" height=\"500\" src=\"https:\/\/blogdemarion.fr\/wp-content\/uploads\/2024\/10\/PontNeufB.jpg\" alt=\"\" class=\"wp-image-21257\" srcset=\"https:\/\/blogdemarion.fr\/wp-content\/uploads\/2024\/10\/PontNeufB.jpg 500w, https:\/\/blogdemarion.fr\/wp-content\/uploads\/2024\/10\/PontNeufB-300x300.jpg 300w, https:\/\/blogdemarion.fr\/wp-content\/uploads\/2024\/10\/PontNeufB-150x150.jpg 150w\" sizes=\"auto, (max-width: 500px) 100vw, 500px\" \/><\/a><figcaption class=\"wp-element-caption\"><sub><em>Paris, 14 Juillet 2021<\/em><\/sub><\/figcaption><\/figure>\n\n\n\n<p>\u00ab\u00a0As-tu d\u00e9couvert l&rsquo;Ile de la Cit\u00e9?\u00a0\u00bb<\/p>\n\n\n<div class=\"wp-block-image\">\n<figure class=\"aligncenter size-full\"><a href=\"https:\/\/blogdemarion.fr\/wp-content\/uploads\/2024\/12\/IMG_0369.jpg\"><img loading=\"lazy\" decoding=\"async\" width=\"640\" height=\"480\" src=\"https:\/\/blogdemarion.fr\/wp-content\/uploads\/2024\/12\/IMG_0369.jpg\" alt=\"\" class=\"wp-image-22110\" srcset=\"https:\/\/blogdemarion.fr\/wp-content\/uploads\/2024\/12\/IMG_0369.jpg 640w, https:\/\/blogdemarion.fr\/wp-content\/uploads\/2024\/12\/IMG_0369-300x225.jpg 300w\" sizes=\"auto, (max-width: 640px) 100vw, 640px\" \/><\/a><figcaption class=\"wp-element-caption\"><sub><em>Paris, 22 Janvier 2017<\/em><\/sub><\/figcaption><\/figure><\/div>\n\n\n<figure class=\"wp-block-image size-full\"><a href=\"https:\/\/blogdemarion.fr\/wp-content\/uploads\/2024\/10\/P1110601.jpg\"><img loading=\"lazy\" decoding=\"async\" width=\"640\" height=\"480\" src=\"https:\/\/blogdemarion.fr\/wp-content\/uploads\/2024\/10\/P1110601.jpg\" alt=\"\" class=\"wp-image-21252\" srcset=\"https:\/\/blogdemarion.fr\/wp-content\/uploads\/2024\/10\/P1110601.jpg 640w, https:\/\/blogdemarion.fr\/wp-content\/uploads\/2024\/10\/P1110601-300x225.jpg 300w\" sizes=\"auto, (max-width: 640px) 100vw, 640px\" \/><\/a><figcaption class=\"wp-element-caption\"><em><sub>Paris, 19 F\u00e9vrier 2024<\/sub><\/em><\/figcaption><\/figure>\n\n\n\n<p>\u00ab\u00a0As-tu vu le ciel du haut de la tour Eiffel?\u00a0\u00bb<\/p>\n\n\n\n<figure class=\"wp-block-image size-full\"><a href=\"https:\/\/blogdemarion.fr\/wp-content\/uploads\/2024\/10\/P1110539.jpg\"><img loading=\"lazy\" decoding=\"async\" width=\"640\" height=\"480\" src=\"https:\/\/blogdemarion.fr\/wp-content\/uploads\/2024\/10\/P1110539.jpg\" alt=\"\" class=\"wp-image-21255\" srcset=\"https:\/\/blogdemarion.fr\/wp-content\/uploads\/2024\/10\/P1110539.jpg 640w, https:\/\/blogdemarion.fr\/wp-content\/uploads\/2024\/10\/P1110539-300x225.jpg 300w\" sizes=\"auto, (max-width: 640px) 100vw, 640px\" \/><\/a><figcaption class=\"wp-element-caption\"><em><sub>Paris, 17 F\u00e9vrier 2024<\/sub><\/em><\/figcaption><\/figure>\n\n\n\n<figure class=\"wp-block-image size-full\"><a href=\"https:\/\/blogdemarion.fr\/wp-content\/uploads\/2024\/10\/P1110495.jpg\"><img loading=\"lazy\" decoding=\"async\" width=\"640\" height=\"480\" src=\"https:\/\/blogdemarion.fr\/wp-content\/uploads\/2024\/10\/P1110495.jpg\" alt=\"\" class=\"wp-image-21253\" srcset=\"https:\/\/blogdemarion.fr\/wp-content\/uploads\/2024\/10\/P1110495.jpg 640w, https:\/\/blogdemarion.fr\/wp-content\/uploads\/2024\/10\/P1110495-300x225.jpg 300w\" sizes=\"auto, (max-width: 640px) 100vw, 640px\" \/><\/a><figcaption class=\"wp-element-caption\"><em><sub>Paris, 17 F\u00e9vrier 2024<\/sub><\/em><\/figcaption><\/figure>\n\n\n\n<p>Et pour conclure, petit extrait musical.<\/p>\n\n\n\n<p><p><audio controls><source src=\"musique\/BienvenueParisExtrait.mp3\"><\/audio><\/p><\/p>\n\n\n\n<p class=\"has-text-align-center\">Alors <strong>Bienvenue \u00e0 vous dans ce temps de l&rsquo;Avent 2024.<\/strong><\/p>\n","protected":false},"excerpt":{"rendered":"<p>La couronne, accroch\u00e9e \u00e0 nos portes en ce d\u00e9but D\u00e9cembre, nous souhaite la bienvenue dans le temps de l&rsquo;Avent. En cette ann\u00e9e 2024, c&rsquo;est la capitale et ses tr\u00e9sors qui nous feront patienter jusqu&rsquo;\u00e0 No\u00ebl, alors Bienvenue \u00e0 Paris ! Comme le dit la chanson, \u00ab\u00a0T&rsquo;es-tu balad\u00e9 sur les Champs Elys\u00e9es?\u00a0\u00bb \u00ab\u00a0As-tu travers\u00e9 le Pont &hellip; <a href=\"https:\/\/blogdemarion.fr\/?p=21241\">Continue reading <span class=\"meta-nav\">&rarr;<\/span><\/a><\/p>\n","protected":false},"author":3,"featured_media":0,"comment_status":"open","ping_status":"closed","sticky":false,"template":"","format":"standard","meta":{"footnotes":""},"categories":[1],"tags":[32],"class_list":["post-21241","post","type-post","status-publish","format-standard","hentry","category-non-classe","tag-avent24"],"_links":{"self":[{"href":"https:\/\/blogdemarion.fr\/index.php?rest_route=\/wp\/v2\/posts\/21241","targetHints":{"allow":["GET"]}}],"collection":[{"href":"https:\/\/blogdemarion.fr\/index.php?rest_route=\/wp\/v2\/posts"}],"about":[{"href":"https:\/\/blogdemarion.fr\/index.php?rest_route=\/wp\/v2\/types\/post"}],"author":[{"embeddable":true,"href":"https:\/\/blogdemarion.fr\/index.php?rest_route=\/wp\/v2\/users\/3"}],"replies":[{"embeddable":true,"href":"https:\/\/blogdemarion.fr\/index.php?rest_route=%2Fwp%2Fv2%2Fcomments&post=21241"}],"version-history":[{"count":22,"href":"https:\/\/blogdemarion.fr\/index.php?rest_route=\/wp\/v2\/posts\/21241\/revisions"}],"predecessor-version":[{"id":22111,"href":"https:\/\/blogdemarion.fr\/index.php?rest_route=\/wp\/v2\/posts\/21241\/revisions\/22111"}],"wp:attachment":[{"href":"https:\/\/blogdemarion.fr\/index.php?rest_route=%2Fwp%2Fv2%2Fmedia&parent=21241"}],"wp:term":[{"taxonomy":"category","embeddable":true,"href":"https:\/\/blogdemarion.fr\/index.php?rest_route=%2Fwp%2Fv2%2Fcategories&post=21241"},{"taxonomy":"post_tag","embeddable":true,"href":"https:\/\/blogdemarion.fr\/index.php?rest_route=%2Fwp%2Fv2%2Ftags&post=21241"}],"curies":[{"name":"wp","href":"https:\/\/api.w.org\/{rel}","templated":true}]}}