{"id":1851,"date":"2012-04-30T21:05:58","date_gmt":"2012-04-30T20:05:58","guid":{"rendered":"http:\/\/blogdemarion.fr\/?p=1851"},"modified":"2012-05-01T16:18:49","modified_gmt":"2012-05-01T15:18:49","slug":"gros-temps-pour-une-qualification","status":"publish","type":"post","link":"https:\/\/blogdemarion.fr\/?p=1851","title":{"rendered":"Gros temps pour une qualification"},"content":{"rendered":"<p>Le vent \u00e9tait de nouveau au rendez-vous ce week-end pour cette r\u00e9gate s\u00e9lective pour le championnat de France pour la ligue Rh\u00f4ne Alpes.<br \/>\nC&rsquo;est le club nautique de Bandol qui nous accueillait.<br \/>\n<a href=\"https:\/\/blogdemarion.fr\/wp-content\/uploads\/2012\/04\/BandolCV.jpg\"><img loading=\"lazy\" decoding=\"async\" class=\"aligncenter size-medium wp-image-1855\" src=\"https:\/\/blogdemarion.fr\/wp-content\/uploads\/2012\/04\/BandolCV-300x225.jpg\" alt=\"\" width=\"300\" height=\"225\" srcset=\"https:\/\/blogdemarion.fr\/wp-content\/uploads\/2012\/04\/BandolCV-300x225.jpg 300w, https:\/\/blogdemarion.fr\/wp-content\/uploads\/2012\/04\/BandolCV.jpg 900w\" sizes=\"auto, (max-width: 300px) 100vw, 300px\" \/><\/a><br \/>\nDommage que Samedi, toutes les courses aient \u00e9t\u00e9 annul\u00e9es mais comme le disent les autochtones \u00ab\u00a0temps de chien, vent d\u2019est 25\/40 nds, houle d\u00e9sagr\u00e9able\u00a0\u00bb. Par contre, il qualifie les conditions de Dimanche d&rsquo;une toute autre fa\u00e7on : \u00ab\u00a0conditions parfaites, vent de sud est 12\/16 nds, mer belle, soleil et quelques nuages pour proteger la peau des participants !\u00a0\u00bb. \u00e7a c&rsquo;est sans doute pour moi !<br \/>\nMais fort heureusement, j&rsquo;avais une nouvelle casquette que j&rsquo;ai r\u00e9ussi \u00e0 ne pas \u00e9garer !<br \/>\n<a href=\"https:\/\/blogdemarion.fr\/wp-content\/uploads\/2012\/04\/BandolDepart.jpg\"><img loading=\"lazy\" decoding=\"async\" width=\"900\" height=\"675\" class=\"aligncenter size-full wp-image-1856\" src=\"https:\/\/blogdemarion.fr\/wp-content\/uploads\/2012\/04\/BandolDepart.jpg\" alt=\"\" srcset=\"https:\/\/blogdemarion.fr\/wp-content\/uploads\/2012\/04\/BandolDepart.jpg 900w, https:\/\/blogdemarion.fr\/wp-content\/uploads\/2012\/04\/BandolDepart-300x225.jpg 300w\" sizes=\"auto, (max-width: 900px) 100vw, 900px\" \/><\/a><br \/>\nNous \u00e9tions 88 participants, 37 en Laser Radial.<br \/>\n<a href=\"https:\/\/blogdemarion.fr\/wp-content\/uploads\/2012\/04\/BandolReady.jpg\"><img loading=\"lazy\" decoding=\"async\" width=\"900\" height=\"675\" class=\"aligncenter size-full wp-image-1861\" src=\"https:\/\/blogdemarion.fr\/wp-content\/uploads\/2012\/04\/BandolReady.jpg\" alt=\"\" srcset=\"https:\/\/blogdemarion.fr\/wp-content\/uploads\/2012\/04\/BandolReady.jpg 900w, https:\/\/blogdemarion.fr\/wp-content\/uploads\/2012\/04\/BandolReady-300x225.jpg 300w\" sizes=\"auto, (max-width: 900px) 100vw, 900px\" \/><\/a><br \/>\nEt tr\u00e8s remont\u00e9s par les conditions du Samedi, le d\u00e9part de la premi\u00e8re manche a \u00e9t\u00e9 chaud (rappel g\u00e9n\u00e9ral, puis disqualification d&rsquo;une petite dizaine de participants). Le jury \u00e9tait s\u00e9v\u00e8re, les concurrents pas tr\u00e8s sages !<br \/>\nJ&rsquo;ai m\u00eame cru que je serais out car le 181526 n&rsquo;avait, partait-il \u00e0 la VHF, pas pass\u00e9 la bou\u00e9e de largue. Alors que si, bien s\u00fbre, je l&rsquo;avais m\u00eame touch\u00e9e. Le jury n&rsquo;avait vu que ma r\u00e9paration !! Fort heureusement, au final tout est rentr\u00e9 dans l&rsquo;ordre, pas de p\u00e9nalit\u00e9. <a href=\"https:\/\/blogdemarion.fr\/wp-content\/uploads\/2012\/04\/Bandol181526.jpg\"><img loading=\"lazy\" decoding=\"async\" width=\"900\" height=\"675\" class=\"aligncenter size-full wp-image-1857\" src=\"https:\/\/blogdemarion.fr\/wp-content\/uploads\/2012\/04\/Bandol181526.jpg\" alt=\"\" srcset=\"https:\/\/blogdemarion.fr\/wp-content\/uploads\/2012\/04\/Bandol181526.jpg 900w, https:\/\/blogdemarion.fr\/wp-content\/uploads\/2012\/04\/Bandol181526-300x225.jpg 300w\" sizes=\"auto, (max-width: 900px) 100vw, 900px\" \/><\/a><br \/>\nAu final, une r\u00e9gate assez dure, pour les petits gabarits comme moi !<br \/>\nPendant ce temps, d&rsquo;autres s\u2019entra\u00eenaient dans des eaux plus calmes et bien plus douces.<br \/>\nNon, ce n&rsquo;est pas Jean-Baptiste Bernaz \u00e0 l&rsquo;entrainement mais alors qui est-ce ?<\/p>\n<p><iframe loading=\"lazy\" title=\"Pierre Monchalin \u00e0 l&#039;entra\u00eenement\" width=\"510\" height=\"383\" src=\"https:\/\/www.youtube.com\/embed\/lNZV-f7AcIw?feature=oembed\" frameborder=\"0\" allow=\"accelerometer; autoplay; clipboard-write; encrypted-media; gyroscope; picture-in-picture; web-share\" referrerpolicy=\"strict-origin-when-cross-origin\" allowfullscreen><\/iframe><\/p>\n","protected":false},"excerpt":{"rendered":"<p>Le vent \u00e9tait de nouveau au rendez-vous ce week-end pour cette r\u00e9gate s\u00e9lective pour le championnat de France pour la ligue Rh\u00f4ne Alpes. C&rsquo;est le club nautique de Bandol qui nous accueillait. Dommage que Samedi, toutes les courses aient \u00e9t\u00e9 annul\u00e9es mais comme le disent les autochtones \u00ab\u00a0temps de chien, vent d\u2019est 25\/40 nds, houle &hellip; <a href=\"https:\/\/blogdemarion.fr\/?p=1851\">Continue reading <span class=\"meta-nav\">&rarr;<\/span><\/a><\/p>\n","protected":false},"author":3,"featured_media":0,"comment_status":"open","ping_status":"open","sticky":false,"template":"","format":"standard","meta":{"footnotes":""},"categories":[5],"tags":[],"class_list":["post-1851","post","type-post","status-publish","format-standard","hentry","category-voile"],"_links":{"self":[{"href":"https:\/\/blogdemarion.fr\/index.php?rest_route=\/wp\/v2\/posts\/1851","targetHints":{"allow":["GET"]}}],"collection":[{"href":"https:\/\/blogdemarion.fr\/index.php?rest_route=\/wp\/v2\/posts"}],"about":[{"href":"https:\/\/blogdemarion.fr\/index.php?rest_route=\/wp\/v2\/types\/post"}],"author":[{"embeddable":true,"href":"https:\/\/blogdemarion.fr\/index.php?rest_route=\/wp\/v2\/users\/3"}],"replies":[{"embeddable":true,"href":"https:\/\/blogdemarion.fr\/index.php?rest_route=%2Fwp%2Fv2%2Fcomments&post=1851"}],"version-history":[{"count":18,"href":"https:\/\/blogdemarion.fr\/index.php?rest_route=\/wp\/v2\/posts\/1851\/revisions"}],"predecessor-version":[{"id":1874,"href":"https:\/\/blogdemarion.fr\/index.php?rest_route=\/wp\/v2\/posts\/1851\/revisions\/1874"}],"wp:attachment":[{"href":"https:\/\/blogdemarion.fr\/index.php?rest_route=%2Fwp%2Fv2%2Fmedia&parent=1851"}],"wp:term":[{"taxonomy":"category","embeddable":true,"href":"https:\/\/blogdemarion.fr\/index.php?rest_route=%2Fwp%2Fv2%2Fcategories&post=1851"},{"taxonomy":"post_tag","embeddable":true,"href":"https:\/\/blogdemarion.fr\/index.php?rest_route=%2Fwp%2Fv2%2Ftags&post=1851"}],"curies":[{"name":"wp","href":"https:\/\/api.w.org\/{rel}","templated":true}]}}