{"id":1800,"date":"2012-04-01T17:21:33","date_gmt":"2012-04-01T16:21:33","guid":{"rendered":"http:\/\/blogdemarion.fr\/?p=1800"},"modified":"2012-04-01T17:21:33","modified_gmt":"2012-04-01T16:21:33","slug":"concerts-de-printemps","status":"publish","type":"post","link":"https:\/\/blogdemarion.fr\/?p=1800","title":{"rendered":"Concerts de printemps"},"content":{"rendered":"<p>Ce mois de mars est propice aux concerts. Apr\u00e8s la journ\u00e9e du saxophone, j&rsquo;ai encha\u00een\u00e9 par le concert de gala de l&rsquo;harmonie de Fontaine (le 24 mars).<\/p>\n<p>Puis hier soir avec un concert organis\u00e9 par le sou des \u00e9coles de Saint Cassien. Avec mon ensemble de saxophone, nous \u00e9tions invit\u00e9 par la musique des terres froides.<\/p>\n<p>Nous n&rsquo;avions malheureusement pas de chef. Mais m\u00eame avec un programme un peu adapt\u00e9, ce n&rsquo;\u00e9tait pas facile. Heureusement, le public \u00e9tait bon enfant (d&rsquo;ailleurs, il y en avait plein !). Moi, je vous conseille d&rsquo;\u00e9couter avec attention la panth\u00e8re rose, vous\u00a0reconna\u00eetrez\u00a0peut-\u00eatre un alto \u00a0?<\/p>\n<p><a href=\"https:\/\/blogdemarion.fr\/wp-content\/uploads\/2012\/04\/100312-040321-musique-des-terres-froides_medium.jpg\"><img loading=\"lazy\" decoding=\"async\" class=\"aligncenter size-full wp-image-1802\" src=\"https:\/\/blogdemarion.fr\/wp-content\/uploads\/2012\/04\/100312-040321-musique-des-terres-froides_medium.jpg\" alt=\"\" width=\"250\" height=\"155\" \/><\/a><br \/>\nEt bien \u00e9videmment, vous retrouverez tous les morceaux sur le site de <a href=\"http:\/\/piero-la-lune.derivoile.fr.\/\">piero-la-lune<\/a>.<br \/>\nBonne \u00e9coute !<\/p>\n<p>Ah, \u00a0j&rsquo;oubliais. Pour tous ceux qui se demandent o\u00f9 en est mon quartier apr\u00e8s le super BOUM du 28 octobre, et bien voil\u00e0 !<\/p>\n<p><a href=\"https:\/\/blogdemarion.fr\/wp-content\/uploads\/2012\/04\/Image-Archive-Maison-Bonjean-Avril.jpg\"><img loading=\"lazy\" decoding=\"async\" width=\"1920\" height=\"1080\" class=\"aligncenter size-full wp-image-1805\" src=\"https:\/\/blogdemarion.fr\/wp-content\/uploads\/2012\/04\/Image-Archive-Maison-Bonjean-Avril.jpg\" alt=\"\" srcset=\"https:\/\/blogdemarion.fr\/wp-content\/uploads\/2012\/04\/Image-Archive-Maison-Bonjean-Avril.jpg 1920w, https:\/\/blogdemarion.fr\/wp-content\/uploads\/2012\/04\/Image-Archive-Maison-Bonjean-Avril-300x168.jpg 300w, https:\/\/blogdemarion.fr\/wp-content\/uploads\/2012\/04\/Image-Archive-Maison-Bonjean-Avril-1024x576.jpg 1024w\" sizes=\"auto, (max-width: 1920px) 100vw, 1920px\" \/><\/a><\/p>\n","protected":false},"excerpt":{"rendered":"<p>Ce mois de mars est propice aux concerts. Apr\u00e8s la journ\u00e9e du saxophone, j&rsquo;ai encha\u00een\u00e9 par le concert de gala de l&rsquo;harmonie de Fontaine (le 24 mars). Puis hier soir avec un concert organis\u00e9 par le sou des \u00e9coles de Saint Cassien. Avec mon ensemble de saxophone, nous \u00e9tions invit\u00e9 par la musique des terres &hellip; <a href=\"https:\/\/blogdemarion.fr\/?p=1800\">Continue reading <span class=\"meta-nav\">&rarr;<\/span><\/a><\/p>\n","protected":false},"author":3,"featured_media":0,"comment_status":"open","ping_status":"open","sticky":false,"template":"","format":"standard","meta":{"footnotes":""},"categories":[6],"tags":[],"class_list":["post-1800","post","type-post","status-publish","format-standard","hentry","category-musique"],"_links":{"self":[{"href":"https:\/\/blogdemarion.fr\/index.php?rest_route=\/wp\/v2\/posts\/1800","targetHints":{"allow":["GET"]}}],"collection":[{"href":"https:\/\/blogdemarion.fr\/index.php?rest_route=\/wp\/v2\/posts"}],"about":[{"href":"https:\/\/blogdemarion.fr\/index.php?rest_route=\/wp\/v2\/types\/post"}],"author":[{"embeddable":true,"href":"https:\/\/blogdemarion.fr\/index.php?rest_route=\/wp\/v2\/users\/3"}],"replies":[{"embeddable":true,"href":"https:\/\/blogdemarion.fr\/index.php?rest_route=%2Fwp%2Fv2%2Fcomments&post=1800"}],"version-history":[{"count":9,"href":"https:\/\/blogdemarion.fr\/index.php?rest_route=\/wp\/v2\/posts\/1800\/revisions"}],"predecessor-version":[{"id":1812,"href":"https:\/\/blogdemarion.fr\/index.php?rest_route=\/wp\/v2\/posts\/1800\/revisions\/1812"}],"wp:attachment":[{"href":"https:\/\/blogdemarion.fr\/index.php?rest_route=%2Fwp%2Fv2%2Fmedia&parent=1800"}],"wp:term":[{"taxonomy":"category","embeddable":true,"href":"https:\/\/blogdemarion.fr\/index.php?rest_route=%2Fwp%2Fv2%2Fcategories&post=1800"},{"taxonomy":"post_tag","embeddable":true,"href":"https:\/\/blogdemarion.fr\/index.php?rest_route=%2Fwp%2Fv2%2Ftags&post=1800"}],"curies":[{"name":"wp","href":"https:\/\/api.w.org\/{rel}","templated":true}]}}