{"id":1720,"date":"2012-02-29T21:05:09","date_gmt":"2012-02-29T20:05:09","guid":{"rendered":"http:\/\/blogdemarion.fr\/?p=1720"},"modified":"2012-02-29T21:05:09","modified_gmt":"2012-02-29T20:05:09","slug":"sous-le-soleil-radieux-de-la-rade-dhyeres","status":"publish","type":"post","link":"https:\/\/blogdemarion.fr\/?p=1720","title":{"rendered":"Sous le soleil radieux de la rade d&rsquo;Hy\u00e8res"},"content":{"rendered":"<p>Apr\u00e8s le froid vivifiant des derni\u00e8res semaines, quel plaisir de retrouver le d\u00e9cor paradisiaque des \u00eeles d&rsquo;or, sous un magnifique soleil.<\/p>\n<p><a href=\"https:\/\/blogdemarion.fr\/wp-content\/uploads\/2012\/02\/Hyeres-Fev2012.jpg\"><img loading=\"lazy\" decoding=\"async\" width=\"900\" height=\"675\" class=\"aligncenter size-full wp-image-1722\" src=\"https:\/\/blogdemarion.fr\/wp-content\/uploads\/2012\/02\/Hyeres-Fev2012.jpg\" alt=\"\" srcset=\"https:\/\/blogdemarion.fr\/wp-content\/uploads\/2012\/02\/Hyeres-Fev2012.jpg 900w, https:\/\/blogdemarion.fr\/wp-content\/uploads\/2012\/02\/Hyeres-Fev2012-300x225.jpg 300w\" sizes=\"auto, (max-width: 900px) 100vw, 900px\" \/><\/a><\/p>\n<p>C&rsquo;\u00e9tait la fin de la\u00a0tr\u00eave\u00a0hivernale pour la ligue Rh\u00f4ne Alpes : Une semaine de stage intensif, avant la premi\u00e8re r\u00e9gate de la saison pour les LASERs (ma cat\u00e9gorie f\u00e9tiche) dans la rade d&rsquo;Hy\u00e8res. Et nous \u00e9tions au complet, pour cette reprise. Voyons un peu si vous parvenez \u00e0 me retrouver&#8230;<a href=\"https:\/\/blogdemarion.fr\/wp-content\/uploads\/2012\/02\/Equipe.jpg\"><img loading=\"lazy\" decoding=\"async\" width=\"600\" height=\"225\" class=\"aligncenter size-full wp-image-1724\" src=\"https:\/\/blogdemarion.fr\/wp-content\/uploads\/2012\/02\/Equipe.jpg\" alt=\"\" srcset=\"https:\/\/blogdemarion.fr\/wp-content\/uploads\/2012\/02\/Equipe.jpg 600w, https:\/\/blogdemarion.fr\/wp-content\/uploads\/2012\/02\/Equipe-300x112.jpg 300w\" sizes=\"auto, (max-width: 600px) 100vw, 600px\" \/><\/a><\/p>\n<p>Chez les \u00ab\u00a0las\u00e9ristes\u00a0\u00bb, c&rsquo;est la pleine expansion. Nous \u00e9tions 17 (c&rsquo;est vrai que chez les filles, c&rsquo;est toujours pas l\u2019affluence !) et le niveau monte. R\u00e9sultat : la s\u00e9lection pour le championnat de France sera difficile. Le s\u00e9lectionneur a d&rsquo;ailleurs d\u00e9j\u00e0 revu les crit\u00e8res de s\u00e9lection \u00e0 la hausse ! De plus, j&rsquo;ai d\u00fb changer de gr\u00e9ement (\u00e2ge oblige si je veux participer au championnat de France espoirs) et me retrouve dans le m\u00eame groupe que mon fr\u00e9rot. La concurrence est encore plus dure !<\/p>\n<p><a href=\"https:\/\/blogdemarion.fr\/wp-content\/uploads\/2012\/02\/Marion-SFev2012.jpg\"><img loading=\"lazy\" decoding=\"async\" width=\"900\" height=\"602\" class=\"aligncenter size-full wp-image-1748\" src=\"https:\/\/blogdemarion.fr\/wp-content\/uploads\/2012\/02\/Marion-SFev2012.jpg\" alt=\"\" srcset=\"https:\/\/blogdemarion.fr\/wp-content\/uploads\/2012\/02\/Marion-SFev2012.jpg 900w, https:\/\/blogdemarion.fr\/wp-content\/uploads\/2012\/02\/Marion-SFev2012-300x200.jpg 300w\" sizes=\"auto, (max-width: 900px) 100vw, 900px\" \/><\/a><\/p>\n<p><a href=\"https:\/\/blogdemarion.fr\/wp-content\/uploads\/2012\/02\/CoudeACode.jpg\"><img loading=\"lazy\" decoding=\"async\" class=\"alignleft size-medium wp-image-1725\" src=\"https:\/\/blogdemarion.fr\/wp-content\/uploads\/2012\/02\/CoudeACode-300x200.jpg\" alt=\"\" width=\"300\" height=\"200\" srcset=\"https:\/\/blogdemarion.fr\/wp-content\/uploads\/2012\/02\/CoudeACode-300x200.jpg 300w, https:\/\/blogdemarion.fr\/wp-content\/uploads\/2012\/02\/CoudeACode.jpg 900w\" sizes=\"auto, (max-width: 300px) 100vw, 300px\" \/><\/a><\/p>\n<p>&nbsp;<\/p>\n<p>&nbsp;<\/p>\n<p>Au coude \u00e0 coude avec lui, \u00e0 l&rsquo;entrainement.<\/p>\n<p>&nbsp;<\/p>\n<p>&nbsp;<\/p>\n<p>&nbsp;<\/p>\n<p><a href=\"https:\/\/blogdemarion.fr\/wp-content\/uploads\/2012\/02\/Rappel.jpg\"><img alt=\"\" \/><\/a><\/p>\n<p><a href=\"https:\/\/blogdemarion.fr\/wp-content\/uploads\/2012\/02\/Rappel1.jpg\"><img loading=\"lazy\" decoding=\"async\" class=\"alignleft size-medium wp-image-1740\" src=\"https:\/\/blogdemarion.fr\/wp-content\/uploads\/2012\/02\/Rappel1-300x200.jpg\" alt=\"\" width=\"300\" height=\"200\" srcset=\"https:\/\/blogdemarion.fr\/wp-content\/uploads\/2012\/02\/Rappel1-300x200.jpg 300w, https:\/\/blogdemarion.fr\/wp-content\/uploads\/2012\/02\/Rappel1.jpg 900w\" sizes=\"auto, (max-width: 300px) 100vw, 300px\" \/><\/a><\/p>\n<p>&nbsp;<\/p>\n<p>&nbsp;<\/p>\n<p>Il est vrai que compte tenu de mon petit gabarit, le rappel devient\u00a0primordial. Bonjour les abdos !<br \/>\n<a href=\"https:\/\/blogdemarion.fr\/wp-content\/uploads\/2012\/02\/VentArriere.jpg\"><img alt=\"\" \/><\/a><\/p>\n<p>&nbsp;<\/p>\n<p>&nbsp;<\/p>\n<p>&nbsp;<\/p>\n<p><a href=\"https:\/\/blogdemarion.fr\/wp-content\/uploads\/2012\/02\/VentArriere1.jpg\"><img loading=\"lazy\" decoding=\"async\" class=\"alignleft size-medium wp-image-1741\" src=\"https:\/\/blogdemarion.fr\/wp-content\/uploads\/2012\/02\/VentArriere1-300x200.jpg\" alt=\"\" width=\"300\" height=\"200\" srcset=\"https:\/\/blogdemarion.fr\/wp-content\/uploads\/2012\/02\/VentArriere1-300x200.jpg 300w, https:\/\/blogdemarion.fr\/wp-content\/uploads\/2012\/02\/VentArriere1.jpg 900w\" sizes=\"auto, (max-width: 300px) 100vw, 300px\" \/><\/a><\/p>\n<p>&nbsp;<\/p>\n<p>&nbsp;<\/p>\n<p>Heureusement, le vent n&rsquo;\u00e9tait pas trop violent et parfois m\u00eame un peu faible \u00e0 mon go\u00fbt.<\/p>\n<p>&nbsp;<\/p>\n<p>&nbsp;<\/p>\n<p>&nbsp;<\/p>\n<p>&nbsp;<\/p>\n<p>Bref, une semaine de r\u00eave qui s&rsquo;est termin\u00e9e par une bonne r\u00e9gate : la premi\u00e8re manche du championnat de la\u00a0m\u00e9diterran\u00e9e.<\/p>\n<p>&nbsp;<\/p>\n<p><a href=\"https:\/\/blogdemarion.fr\/wp-content\/uploads\/2012\/02\/Marion-Fev2012.jpg\"><img loading=\"lazy\" decoding=\"async\" class=\"alignleft size-medium wp-image-1747\" src=\"https:\/\/blogdemarion.fr\/wp-content\/uploads\/2012\/02\/Marion-Fev2012-300x225.jpg\" alt=\"\" width=\"300\" height=\"225\" srcset=\"https:\/\/blogdemarion.fr\/wp-content\/uploads\/2012\/02\/Marion-Fev2012-300x225.jpg 300w, https:\/\/blogdemarion.fr\/wp-content\/uploads\/2012\/02\/Marion-Fev2012.jpg 900w\" sizes=\"auto, (max-width: 300px) 100vw, 300px\" \/><\/a><br \/>\nJe r\u00e9ussis sans probl\u00e8me \u00e0 passer les nouveaux minima fix\u00e9s par le s\u00e9lectionneur pour le championnat de France. A l&rsquo;issue de la premi\u00e8re journ\u00e9e, ce n&rsquo;\u00e9tait pas vraiment gagn\u00e9 et en plus, j&rsquo;ai perdu ma casquette ! Heureusement, le second jour a \u00e9t\u00e9 beaucoup plus favorable : j&rsquo;ai d&rsquo;abord pris l&rsquo;option gagnante dans la premi\u00e8re course et ai m\u00eame r\u00e9ussi \u00e0 faire mieux que mon a\u00een\u00e9 dans la seconde.<\/p>\n<p>Quant \u00e0 ma casquette, je lance un SOS aux plongeurs de la rade pour tenter de la retrouver !<\/p>\n<p><a href=\"https:\/\/blogdemarion.fr\/wp-content\/uploads\/2012\/02\/Marion-SFev2012-Casquette.jpg\"><img loading=\"lazy\" decoding=\"async\" width=\"900\" height=\"602\" class=\"aligncenter size-full wp-image-1751\" src=\"https:\/\/blogdemarion.fr\/wp-content\/uploads\/2012\/02\/Marion-SFev2012-Casquette.jpg\" alt=\"\" srcset=\"https:\/\/blogdemarion.fr\/wp-content\/uploads\/2012\/02\/Marion-SFev2012-Casquette.jpg 900w, https:\/\/blogdemarion.fr\/wp-content\/uploads\/2012\/02\/Marion-SFev2012-Casquette-300x200.jpg 300w\" sizes=\"auto, (max-width: 900px) 100vw, 900px\" \/><\/a><\/p>\n","protected":false},"excerpt":{"rendered":"<p>Apr\u00e8s le froid vivifiant des derni\u00e8res semaines, quel plaisir de retrouver le d\u00e9cor paradisiaque des \u00eeles d&rsquo;or, sous un magnifique soleil. C&rsquo;\u00e9tait la fin de la\u00a0tr\u00eave\u00a0hivernale pour la ligue Rh\u00f4ne Alpes : Une semaine de stage intensif, avant la premi\u00e8re r\u00e9gate de la saison pour les LASERs (ma cat\u00e9gorie f\u00e9tiche) dans la rade d&rsquo;Hy\u00e8res. Et &hellip; <a href=\"https:\/\/blogdemarion.fr\/?p=1720\">Continue reading <span class=\"meta-nav\">&rarr;<\/span><\/a><\/p>\n","protected":false},"author":3,"featured_media":0,"comment_status":"open","ping_status":"open","sticky":false,"template":"","format":"standard","meta":{"footnotes":""},"categories":[5],"tags":[],"class_list":["post-1720","post","type-post","status-publish","format-standard","hentry","category-voile"],"_links":{"self":[{"href":"https:\/\/blogdemarion.fr\/index.php?rest_route=\/wp\/v2\/posts\/1720","targetHints":{"allow":["GET"]}}],"collection":[{"href":"https:\/\/blogdemarion.fr\/index.php?rest_route=\/wp\/v2\/posts"}],"about":[{"href":"https:\/\/blogdemarion.fr\/index.php?rest_route=\/wp\/v2\/types\/post"}],"author":[{"embeddable":true,"href":"https:\/\/blogdemarion.fr\/index.php?rest_route=\/wp\/v2\/users\/3"}],"replies":[{"embeddable":true,"href":"https:\/\/blogdemarion.fr\/index.php?rest_route=%2Fwp%2Fv2%2Fcomments&post=1720"}],"version-history":[{"count":28,"href":"https:\/\/blogdemarion.fr\/index.php?rest_route=\/wp\/v2\/posts\/1720\/revisions"}],"predecessor-version":[{"id":1758,"href":"https:\/\/blogdemarion.fr\/index.php?rest_route=\/wp\/v2\/posts\/1720\/revisions\/1758"}],"wp:attachment":[{"href":"https:\/\/blogdemarion.fr\/index.php?rest_route=%2Fwp%2Fv2%2Fmedia&parent=1720"}],"wp:term":[{"taxonomy":"category","embeddable":true,"href":"https:\/\/blogdemarion.fr\/index.php?rest_route=%2Fwp%2Fv2%2Fcategories&post=1720"},{"taxonomy":"post_tag","embeddable":true,"href":"https:\/\/blogdemarion.fr\/index.php?rest_route=%2Fwp%2Fv2%2Ftags&post=1720"}],"curies":[{"name":"wp","href":"https:\/\/api.w.org\/{rel}","templated":true}]}}