{"id":12368,"date":"2001-12-14T20:29:02","date_gmt":"2001-12-14T19:29:02","guid":{"rendered":"http:\/\/blogdemarion.fr\/?p=12368"},"modified":"2022-01-05T20:57:58","modified_gmt":"2022-01-05T19:57:58","slug":"billet-14-12-21","status":"publish","type":"post","link":"https:\/\/blogdemarion.fr\/?p=12368","title":{"rendered":"Billet : 14\/12\/21"},"content":{"rendered":"\n<p>Le 16 juillet 1969, la mission Apollo 11 est lanc\u00e9e.<\/p>\n\n\n\n<p>L&rsquo;objectif des trois astronautes est simple, mais p\u00e9rilleux : atterrir sur la Lune, marcher \u00e0 la surface, r\u00e9cup\u00e9rer quelques \u00e9chantillons et rentrer sur Terre, vivants de pr\u00e9f\u00e9rence!<\/p>\n\n\n\n<p>4 jours plus tard, la mission touche le sol lunaire. Neil Armstrong pose les pieds sur la Lune six heures plus tard et ses images marquent le monde \u00e0 jamais, ainsi que sa c\u00e9l\u00e8bre phrase : \u00ab\u00a0That&rsquo;s one small step for man, one giant leap for mankind\u00a0\u00bb.<\/p>\n\n\n\n<p>Buzz Aldrin foulera le sol lunaire une vingtaine de minutes apr\u00e8s Neil Armstrong alors que Michael Collins, pilote du module de commande et de service, devra se contenter de rester en orbite autour de la Lune.<\/p>\n\n\n\n<p>Pr\u00eate \u00e0 revivre l&rsquo;aventure?<\/p>\n\n\n\n<p>Alors pr\u00e9pare toi \u00e0 te faire \u00e9craser sur ton si\u00e8ge par l&rsquo;acc\u00e9l\u00e9ration de la fus\u00e9e Saturn V au d\u00e9collage et laisse les \u00e9ditions de micros-livres audios \u00ab\u00a0Papounet et Mamounette\u00a0\u00bb, bien aid\u00e9es par leur narratrice pr\u00e9f\u00e9r\u00e9e LG, te faire revivre l&rsquo;aventure.<\/p>\n\n\n\n<div style=\"width: 320px;\" class=\"wp-video\"><!--[if lt IE 9]><script>document.createElement('video');<\/script><![endif]-->\n<video class=\"wp-video-shortcode\" id=\"video-12368-1\" width=\"320\" height=\"320\" preload=\"metadata\" controls=\"controls\"><source type=\"video\/mp4\" src=\"https:\/\/blogdemarion.fr\/ArtVacances\/Apollo11.mp4?_=1\" \/><a href=\"https:\/\/blogdemarion.fr\/ArtVacances\/Apollo11.mp4\">https:\/\/blogdemarion.fr\/ArtVacances\/Apollo11.mp4<\/a><\/video><\/div>\n","protected":false},"excerpt":{"rendered":"<p>Le 16 juillet 1969, la mission Apollo 11 est lanc\u00e9e. L&rsquo;objectif des trois astronautes est simple, mais p\u00e9rilleux : atterrir sur la Lune, marcher \u00e0 la surface, r\u00e9cup\u00e9rer quelques \u00e9chantillons et rentrer sur Terre, vivants de pr\u00e9f\u00e9rence! 4 jours plus tard, la mission touche le sol lunaire. Neil Armstrong pose les pieds sur la Lune &hellip; <a href=\"https:\/\/blogdemarion.fr\/?p=12368\">Continue reading <span class=\"meta-nav\">&rarr;<\/span><\/a><\/p>\n","protected":false},"author":3,"featured_media":0,"comment_status":"open","ping_status":"closed","sticky":false,"template":"","format":"standard","meta":{"footnotes":""},"categories":[29],"tags":[],"class_list":["post-12368","post","type-post","status-publish","format-standard","hentry","category-billets"],"_links":{"self":[{"href":"https:\/\/blogdemarion.fr\/index.php?rest_route=\/wp\/v2\/posts\/12368","targetHints":{"allow":["GET"]}}],"collection":[{"href":"https:\/\/blogdemarion.fr\/index.php?rest_route=\/wp\/v2\/posts"}],"about":[{"href":"https:\/\/blogdemarion.fr\/index.php?rest_route=\/wp\/v2\/types\/post"}],"author":[{"embeddable":true,"href":"https:\/\/blogdemarion.fr\/index.php?rest_route=\/wp\/v2\/users\/3"}],"replies":[{"embeddable":true,"href":"https:\/\/blogdemarion.fr\/index.php?rest_route=%2Fwp%2Fv2%2Fcomments&post=12368"}],"version-history":[{"count":2,"href":"https:\/\/blogdemarion.fr\/index.php?rest_route=\/wp\/v2\/posts\/12368\/revisions"}],"predecessor-version":[{"id":12385,"href":"https:\/\/blogdemarion.fr\/index.php?rest_route=\/wp\/v2\/posts\/12368\/revisions\/12385"}],"wp:attachment":[{"href":"https:\/\/blogdemarion.fr\/index.php?rest_route=%2Fwp%2Fv2%2Fmedia&parent=12368"}],"wp:term":[{"taxonomy":"category","embeddable":true,"href":"https:\/\/blogdemarion.fr\/index.php?rest_route=%2Fwp%2Fv2%2Fcategories&post=12368"},{"taxonomy":"post_tag","embeddable":true,"href":"https:\/\/blogdemarion.fr\/index.php?rest_route=%2Fwp%2Fv2%2Ftags&post=12368"}],"curies":[{"name":"wp","href":"https:\/\/api.w.org\/{rel}","templated":true}]}}