{"id":12362,"date":"2001-12-11T20:28:23","date_gmt":"2001-12-11T19:28:23","guid":{"rendered":"http:\/\/blogdemarion.fr\/?p=12362"},"modified":"2022-01-05T20:55:46","modified_gmt":"2022-01-05T19:55:46","slug":"billet-11-12-21","status":"publish","type":"post","link":"https:\/\/blogdemarion.fr\/?p=12362","title":{"rendered":"Billet : 11\/12\/21"},"content":{"rendered":"\n<p>\u00ab\u00a0Le bruit et l\u2019odeur\u00a0\u00bb, chanson du groupe Zebda, est parue en 1995. L\u2019auteur s\u2019appelle Magyd Cherfi, est fils d\u2019immigr\u00e9s alg\u00e9riens.<\/p>\n\n\n\n<p>Son texte parts de ce constat : je suis fran\u00e7ais, mais pas dans le regard des autres.<\/p>\n\n\n\n<p>Il s&rsquo;appuie sur un discours que Jacques Chirac de Juin 1991o\u00f9 il utilise l&rsquo;expression \u201cLe bruit et l\u2019odeur\u201d pour d\u00e9signer les immigr\u00e9s. Magyd Cherfi en fait un hymne, renversent le clich\u00e9 du marteau-piqueur pour en faire une fiert\u00e9.<\/p>\n\n\n\n<p>Pr\u00eate pour mixer funk, reggae, flamenco et rock ? Alors ce morceau est pour toi et profite de ses messages toujours d&rsquo;actualit\u00e9 que les \u00e9ditions de micros-livres audios \u00ab\u00a0Papounet et Mamounette\u00a0\u00bb, bien aid\u00e9es par R M (chroniqueuse musicale sur France Inter), te distillent, alors que d\u2019autres luttes ont pris la place sur le devant de la sc\u00e8ne: le f\u00e9minisme et l\u2019\u00e9cologie.<\/p>\n\n\n\n<div style=\"width: 320px;\" class=\"wp-video\"><!--[if lt IE 9]><script>document.createElement('video');<\/script><![endif]-->\n<video class=\"wp-video-shortcode\" id=\"video-12362-1\" width=\"320\" height=\"320\" preload=\"metadata\" controls=\"controls\"><source type=\"video\/mp4\" src=\"https:\/\/blogdemarion.fr\/TubesNCo\/Zebda.mp4?_=1\" \/><a href=\"https:\/\/blogdemarion.fr\/TubesNCo\/Zebda.mp4\">https:\/\/blogdemarion.fr\/TubesNCo\/Zebda.mp4<\/a><\/video><\/div>\n","protected":false},"excerpt":{"rendered":"<p>\u00ab\u00a0Le bruit et l\u2019odeur\u00a0\u00bb, chanson du groupe Zebda, est parue en 1995. L\u2019auteur s\u2019appelle Magyd Cherfi, est fils d\u2019immigr\u00e9s alg\u00e9riens. Son texte parts de ce constat : je suis fran\u00e7ais, mais pas dans le regard des autres. Il s&rsquo;appuie sur un discours que Jacques Chirac de Juin 1991o\u00f9 il utilise l&rsquo;expression \u201cLe bruit et l\u2019odeur\u201d &hellip; <a href=\"https:\/\/blogdemarion.fr\/?p=12362\">Continue reading <span class=\"meta-nav\">&rarr;<\/span><\/a><\/p>\n","protected":false},"author":3,"featured_media":0,"comment_status":"open","ping_status":"closed","sticky":false,"template":"","format":"standard","meta":{"footnotes":""},"categories":[29],"tags":[],"class_list":["post-12362","post","type-post","status-publish","format-standard","hentry","category-billets"],"_links":{"self":[{"href":"https:\/\/blogdemarion.fr\/index.php?rest_route=\/wp\/v2\/posts\/12362","targetHints":{"allow":["GET"]}}],"collection":[{"href":"https:\/\/blogdemarion.fr\/index.php?rest_route=\/wp\/v2\/posts"}],"about":[{"href":"https:\/\/blogdemarion.fr\/index.php?rest_route=\/wp\/v2\/types\/post"}],"author":[{"embeddable":true,"href":"https:\/\/blogdemarion.fr\/index.php?rest_route=\/wp\/v2\/users\/3"}],"replies":[{"embeddable":true,"href":"https:\/\/blogdemarion.fr\/index.php?rest_route=%2Fwp%2Fv2%2Fcomments&post=12362"}],"version-history":[{"count":2,"href":"https:\/\/blogdemarion.fr\/index.php?rest_route=\/wp\/v2\/posts\/12362\/revisions"}],"predecessor-version":[{"id":12382,"href":"https:\/\/blogdemarion.fr\/index.php?rest_route=\/wp\/v2\/posts\/12362\/revisions\/12382"}],"wp:attachment":[{"href":"https:\/\/blogdemarion.fr\/index.php?rest_route=%2Fwp%2Fv2%2Fmedia&parent=12362"}],"wp:term":[{"taxonomy":"category","embeddable":true,"href":"https:\/\/blogdemarion.fr\/index.php?rest_route=%2Fwp%2Fv2%2Fcategories&post=12362"},{"taxonomy":"post_tag","embeddable":true,"href":"https:\/\/blogdemarion.fr\/index.php?rest_route=%2Fwp%2Fv2%2Ftags&post=12362"}],"curies":[{"name":"wp","href":"https:\/\/api.w.org\/{rel}","templated":true}]}}