{"id":12358,"date":"2001-12-09T20:27:57","date_gmt":"2001-12-09T19:27:57","guid":{"rendered":"http:\/\/blogdemarion.fr\/?p=12358"},"modified":"2022-01-05T20:54:34","modified_gmt":"2022-01-05T19:54:34","slug":"billet-09-12-21","status":"publish","type":"post","link":"https:\/\/blogdemarion.fr\/?p=12358","title":{"rendered":"Billet : 09\/12\/21"},"content":{"rendered":"\n<p>Martin Luther King est le symbole de la lutte non-violente contre la s\u00e9gr\u00e9gation raciale aux \u00c9tats-Unis.<\/p>\n\n\n\n<p>Le 1er d\u00e9cembre 1955, Rosa Parks refuse de laisser sa place \u00e0 un passager blanc dans le bus et est arr\u00eat\u00e9e pour trouble \u00e0 l&rsquo;ordre public. Martin Luther King et quelques autres dirigeants politiques et pasteurs noirs lancent alors le 5 d\u00e9cembre un boycott contre la compagnie de bus. Ce boycott durera plus d\u2019un an, et en d\u00e9cembre 1956, la s\u00e9gr\u00e9gation dans les bus sera d\u00e9clar\u00e9e comme inconstitutionnelle. Martin Luther King devient alors une des figures les plus c\u00e9l\u00e8bres du mouvement afro-am\u00e9ricain des droits civiques.<\/p>\n\n\n\n<p>Le 28 ao\u00fbt 1963 a lieu une marche sur Washington contre les discriminations raciales. Devant 250.000 personnes, Martin Luther King prononce un discours qui entrera dans l&rsquo;histoire : \u00ab\u00a0I have a dream\u00a0\u00bb. Un an plus tard, plusieurs lois anti-s\u00e9gr\u00e9gation donnant \u00e0 tous les Am\u00e9ricains les m\u00eames droits seront adopt\u00e9es.<\/p>\n\n\n\n<p>Le 10 d\u00e9cembre 1964 Martin Luther King re\u00e7oit le prix Nobel de la Paix \u00e0 Oslo. A 35 ans seulement, il est le plus jeune laur\u00e9at.<\/p>\n\n\n\n<p>Le 4 avril 1967, Martin Luther King prononce le discours \u00ab\u00a0Au-del\u00e0 du Vietnam.&nbsp; Il fustige le gouvernement am\u00e9ricain en l&rsquo;accusant d&rsquo;\u00eatre \u00ab\u00a0devenu le plus grand fournisseur de violence dans le monde d\u2019aujourd\u2019hui\u00a0\u00bb.<\/p>\n\n\n\n<p>C&rsquo;est 4 dates sont les moments forts de la vie cet homme d&rsquo;exception que les \u00e9ditions de micros-livres audios \u00ab\u00a0Papounet et Mamounette\u00a0\u00bb, et leur narratrice pr\u00e9f\u00e9r\u00e9e LG, accompagnent ce jour en ta compagnie, et ce jusqu&rsquo;\u00e0 son apog\u00e9e pr\u00e9monitoire: \u00ab\u00a0J&rsquo;ai atteint le sommet de la montagne. (&#8230;) Donc je suis content ce soir. Je ne m&rsquo;inqui\u00e8te de rien. Je n&rsquo;ai peur d&rsquo;aucun homme. Mes yeux ont vu la gloire de la venue du Seigneur.\u00a0\u00bb.<\/p>\n\n\n\n<div style=\"width: 320px;\" class=\"wp-video\"><!--[if lt IE 9]><script>document.createElement('video');<\/script><![endif]-->\n<video class=\"wp-video-shortcode\" id=\"video-12358-1\" width=\"320\" height=\"320\" preload=\"metadata\" controls=\"controls\"><source type=\"video\/mp4\" src=\"https:\/\/blogdemarion.fr\/ArtVacances\/MartinLutherKing.mp4?_=1\" \/><a href=\"https:\/\/blogdemarion.fr\/ArtVacances\/MartinLutherKing.mp4\">https:\/\/blogdemarion.fr\/ArtVacances\/MartinLutherKing.mp4<\/a><\/video><\/div>\n","protected":false},"excerpt":{"rendered":"<p>Martin Luther King est le symbole de la lutte non-violente contre la s\u00e9gr\u00e9gation raciale aux \u00c9tats-Unis. Le 1er d\u00e9cembre 1955, Rosa Parks refuse de laisser sa place \u00e0 un passager blanc dans le bus et est arr\u00eat\u00e9e pour trouble \u00e0 l&rsquo;ordre public. Martin Luther King et quelques autres dirigeants politiques et pasteurs noirs lancent alors &hellip; <a href=\"https:\/\/blogdemarion.fr\/?p=12358\">Continue reading <span class=\"meta-nav\">&rarr;<\/span><\/a><\/p>\n","protected":false},"author":3,"featured_media":0,"comment_status":"open","ping_status":"closed","sticky":false,"template":"","format":"standard","meta":{"footnotes":""},"categories":[29],"tags":[],"class_list":["post-12358","post","type-post","status-publish","format-standard","hentry","category-billets"],"_links":{"self":[{"href":"https:\/\/blogdemarion.fr\/index.php?rest_route=\/wp\/v2\/posts\/12358","targetHints":{"allow":["GET"]}}],"collection":[{"href":"https:\/\/blogdemarion.fr\/index.php?rest_route=\/wp\/v2\/posts"}],"about":[{"href":"https:\/\/blogdemarion.fr\/index.php?rest_route=\/wp\/v2\/types\/post"}],"author":[{"embeddable":true,"href":"https:\/\/blogdemarion.fr\/index.php?rest_route=\/wp\/v2\/users\/3"}],"replies":[{"embeddable":true,"href":"https:\/\/blogdemarion.fr\/index.php?rest_route=%2Fwp%2Fv2%2Fcomments&post=12358"}],"version-history":[{"count":2,"href":"https:\/\/blogdemarion.fr\/index.php?rest_route=\/wp\/v2\/posts\/12358\/revisions"}],"predecessor-version":[{"id":12380,"href":"https:\/\/blogdemarion.fr\/index.php?rest_route=\/wp\/v2\/posts\/12358\/revisions\/12380"}],"wp:attachment":[{"href":"https:\/\/blogdemarion.fr\/index.php?rest_route=%2Fwp%2Fv2%2Fmedia&parent=12358"}],"wp:term":[{"taxonomy":"category","embeddable":true,"href":"https:\/\/blogdemarion.fr\/index.php?rest_route=%2Fwp%2Fv2%2Fcategories&post=12358"},{"taxonomy":"post_tag","embeddable":true,"href":"https:\/\/blogdemarion.fr\/index.php?rest_route=%2Fwp%2Fv2%2Ftags&post=12358"}],"curies":[{"name":"wp","href":"https:\/\/api.w.org\/{rel}","templated":true}]}}